{"id":18016,"date":"2023-09-08T13:49:16","date_gmt":"2023-09-08T11:49:16","guid":{"rendered":"http:\/\/lynxproaudio.loading.net\/line-arrays-lynx-pro-audio-medusa-festival\/"},"modified":"2023-09-08T13:49:16","modified_gmt":"2023-09-08T11:49:16","slug":"line-arrays-lynx-pro-audio-medusa-festival","status":"publish","type":"post","link":"https:\/\/pre.lynxproaudio.com\/es\/line-arrays-lynx-pro-audio-medusa-festival\/","title":{"rendered":"Line arrays de Lynx Pro Audio en el Medusa Festival"},"content":{"rendered":"<div class=\"section\">\n<div class=\"row\">\n<div class=\"column\">\n<p style=\"text-align: justify;\"><strong><a href=\"https:\/\/www.medusasunbeach.com\/\" target=\"_blank\" rel=\"noopener\">El Medusa Festival<\/a>, uno de los festivales de referencia de la m\u00fasica electr\u00f3nica en Espa\u00f1a,<\/strong> se ha vuelto a celebrar otro a\u00f1o m\u00e1s en Cullera (Valencia). El recinto se ha llenado con m\u00e1s de 300.000 j\u00f3venes durante 5 d\u00edas para disfrutar de DJ&#8217;s reconocidos y artistas famosos como Carl Cox, David Guetta, Paco Osuna, Amelie Lens, Dimitri Vegas, entre muchos otros.<\/p>\n<p style=\"text-align: justify;\">Con una duraci\u00f3n total de 3 d\u00edas y 2 de pre-fiesta, los conciertos no han cesado entre las 6 de la tarde y las 7 de la madrugrada. Dada la cantidad de asistentes y el tama\u00f1o del recinto, se han repartido los artistas en 5 escenarios diferentes, cada uno con un estilo de m\u00fasica: desde EDM hasta techno, trap, dubstep, m\u00fasica m\u00e1s mainstream y hardstyle. un recinto enorme, se han repartido los artistas en 5 escenarios diferentes.<\/p>\n<p style=\"text-align: justify;\">La empresa especializada en espect\u00e1culos, <strong><a href=\"http:\/\/maximsound.es\/\" target=\"_blank\" rel=\"noopener\">Maxim Sound<\/a>, ha sido la encargada de la sonorizaci\u00f3n del escenario Dragon Heart by Pepsi<\/strong>. Para el main PA han optado por line arrays de la serie LX de Lynx Pro Audio, con 8 recintos LX-V12 a cada lado del escenario.<\/p>\n<p style=\"text-align: justify;\"><span>LX-V12 es un\u00a0<\/span><strong>recinto line array auto-amplificado de 3 v\u00edas con muy alta potencia.<\/strong><span>\u00a0Para las bajas frecuencias utiliza dos altavoces de 12\u2033 con grupo magn\u00e9tico de neodimio y doble anillo demodulador DDR, (bobina 4\u2033 tipo sandwich intercalado ISV). Para la gama media monta cuatro altavoces de 6,5\u2033 con conos de fibra de vidrio y bobina ultraligera. Para las altas frecuencias usa dos motores de 1,4\u201d con im\u00e1n de neodimio y diafragma de titanio, cada uno de ellos acoplado a una gu\u00eda de ondas individual de alta precisi\u00f3n. El recinto est\u00e1 amplificado con un total de 4000 W en Clase D con sistema PFC (Power Factor Correction).<\/span><\/p>\n<p style=\"text-align: justify;\">Gracias a su excelente relaci\u00f3n potencia-volumen-peso y la ayuda de todas las opciones de rigging disponibles,<span>\u00a0<\/span><strong>el sistema LX-V12 puede pasar del cami\u00f3n a ser volado en un tiempo record<\/strong>. Al mismo tiempo es un sistema f\u00e1cil de usar y controlar sin la necesidad de amplificadores ni equipos externos.<\/p>\n<p style=\"text-align: justify;\">Los recintos LX-V12 son unos recintos que han permitido a una gran cantidad de clientes trabajar a m\u00e1xima potencia durante a\u00f1os, gracias a su robustez y a su tecnolog\u00eda, dise\u00f1ada por ingenieros cualificados. Hoy en d\u00eda en el cat\u00e1logo de Lynx Pro Audio se pueden encontrar opciones m\u00e1s potentes y compactas como la<a href=\"\/www\/home?page_id=38111\"> serie CLS<\/a>, que han mejorado tanto su dise\u00f1o externo como su tecnolog\u00eda interna.<\/p>\n<p style=\"text-align: justify;\">En este escenario han actuado durante todo el fin de semana artistas como Anime, Angerfirst, Broken Minds, Ra\u00fal Ortiz, DJ Marta, entre otros.<\/p>\n<p style=\"text-align: justify;\"><em>Fotograf\u00eda por <a href=\"https:\/\/www.instagram.com\/blame.photography\/\" target=\"_blank\" rel=\"noopener\">@blame.photography<\/a><\/em><\/p>\n<p style=\"text-align: justify;\"><\/div>\n<\/div>\n<\/div>\n<div class=\"section\"><\/div>\n<div class=\"section\">\n<div class=\"row\">\n<div class=\"column\">\n<p style=\"text-align: justify;\"><span>La isla de Bali es la meca del turismo tropical y parece el lugar perfecto para nuestra serie de altavoces Juno, compuesta por 2 peque\u00f1os recintos resistentes a las inclemencias clim\u00e1ticas.<\/span><\/p>\n<p style=\"text-align: justify;\"><a href=\"\/www\/home?p=46783\"><strong>Leer m\u00e1s<\/strong><\/a><\/p>\n<\/div>\n<div class=\"column\">\n<p style=\"text-align: justify;\"><span>Voltereta Kioto es un restaurante inspirado en la ciudad japonesa de Kioto. Cruzar las puertas de cualquier Voltereta significa entrar en un viaje a un nuevo&#8230;<\/span><\/p>\n<p style=\"text-align: justify;\"><a href=\"\/www\/home?p=78479\"><strong>Leer m\u00e1s<\/strong><\/a><\/p>\n<\/div>\n<div class=\"column\">\n<p style=\"text-align: justify;\"><span>Con una playa privada a tan s\u00f3lo unos kil\u00f3metros del centro de Amsterdam y mirando hacia Harleem, el Villa Westend es un complejo \u00fanico. Es el lugar ideal tanto para distraerse como para hacer negocios.\u00a0<\/span><\/p>\n<p style=\"text-align: justify;\"><a href=\"\/www\/home?p=72844\"><span><strong>Leer m\u00e1s<\/strong><\/span><\/a><\/p>\n<\/div>\n<\/div>\n<\/div>\n","protected":false},"excerpt":{"rendered":"<p>El Medusa Festival, uno de los festivales de referencia de la m\u00fasica electr\u00f3nica en Espa\u00f1a, se ha vuelto a celebrar otro a\u00f1o m\u00e1s en Cullera (Valencia). El recinto se ha llenado con m\u00e1s de 300.000 j\u00f3venes durante 5 d\u00edas para disfrutar de DJ&#8217;s reconocidos y artistas famosos como Carl Cox, David Guetta, Paco Osuna, Amelie [&hellip;]<\/p>\n","protected":false},"author":6,"featured_media":17781,"comment_status":"closed","ping_status":"closed","sticky":false,"template":"","format":"standard","meta":{"_acf_changed":false,"footnotes":""},"categories":[170],"tags":[450,212],"class_list":["post-18016","post","type-post","status-publish","format-standard","has-post-thumbnail","hentry","category-touring-y-conciertos","tag-concierto","tag-serie-lx"],"acf":[],"_links":{"self":[{"href":"https:\/\/pre.lynxproaudio.com\/es\/wp-json\/wp\/v2\/posts\/18016","targetHints":{"allow":["GET"]}}],"collection":[{"href":"https:\/\/pre.lynxproaudio.com\/es\/wp-json\/wp\/v2\/posts"}],"about":[{"href":"https:\/\/pre.lynxproaudio.com\/es\/wp-json\/wp\/v2\/types\/post"}],"author":[{"embeddable":true,"href":"https:\/\/pre.lynxproaudio.com\/es\/wp-json\/wp\/v2\/users\/6"}],"replies":[{"embeddable":true,"href":"https:\/\/pre.lynxproaudio.com\/es\/wp-json\/wp\/v2\/comments?post=18016"}],"version-history":[{"count":0,"href":"https:\/\/pre.lynxproaudio.com\/es\/wp-json\/wp\/v2\/posts\/18016\/revisions"}],"wp:featuredmedia":[{"embeddable":true,"href":"https:\/\/pre.lynxproaudio.com\/es\/wp-json\/wp\/v2\/media\/17781"}],"wp:attachment":[{"href":"https:\/\/pre.lynxproaudio.com\/es\/wp-json\/wp\/v2\/media?parent=18016"}],"wp:term":[{"taxonomy":"category","embeddable":true,"href":"https:\/\/pre.lynxproaudio.com\/es\/wp-json\/wp\/v2\/categories?post=18016"},{"taxonomy":"post_tag","embeddable":true,"href":"https:\/\/pre.lynxproaudio.com\/es\/wp-json\/wp\/v2\/tags?post=18016"}],"curies":[{"name":"wp","href":"https:\/\/api.w.org\/{rel}","templated":true}]}}