{"id":18002,"date":"2022-09-15T17:00:48","date_gmt":"2022-09-15T15:00:48","guid":{"rendered":"http:\/\/lynxproaudio.loading.net\/exhibicion-inmersiva-ron-arad-720o-en-la-marina\/"},"modified":"2022-09-19T13:44:02","modified_gmt":"2022-09-19T11:44:02","slug":"exhibicion-inmersiva-ron-arad-720o-en-la-marina","status":"publish","type":"post","link":"https:\/\/pre.lynxproaudio.com\/es\/exhibicion-inmersiva-ron-arad-720o-en-la-marina\/","title":{"rendered":"Exhibici\u00f3n inmersiva \u00abRon Arad 720\u00ba\u00bb en La Marina"},"content":{"rendered":"<div class=\"section\">\n<div class=\"row\">\n<div class=\"column\">\n<p style=\"text-align: justify;\"><span>Este verano hemos podido disfrutar de la experiencia art\u00edstica inmersiva llamada<strong>\u00a0\u00abCurtain Call\u00bb<\/strong>, <strong>una cortina de ocho metros de altura compuesta por m\u00e1s de 5.000 varillas de silicona<\/strong>, y sobre cuya superficie se proyectan im\u00e1genes y v\u00eddeos que se pueden ver tanto desde el interior como desde el exterior.\u00a0<\/span><\/p>\n<p style=\"text-align: justify;\"><span>La exhibici\u00f3n \u00abRon Arad 720\u00bb, organizada por la <a href=\"https:\/\/www.fundacionhortensiaherrero.org\/mas-de-40-000-personas-han-visitado-la-instalacion-de-ron-arad-en-la-marina-de-valencia\/\" target=\"_blank\" rel=\"noopener\">Fundaci\u00f3n Hortensia Herrero<\/a> en la Marina de Valencia, es <strong>una exhibici\u00f3n multimedia en la que se juntan la tecnolog\u00eda y el arte<\/strong>, formando exposiciones impresionantes. <\/span><span>La obra ha sido dise\u00f1ada por el artista israel\u00ed Ron Arad y ha llegado a Valencia despu\u00e9s de pasar por Londres, Jerusal\u00e9n y Singapur.<\/span><span><\/span><\/p>\n<p style=\"text-align: justify;\"><span>Todos los elementos que componen la obra han sido indispensables para poder recrear una experiencia \u00fanica, y el sonido ha sido uno de los claros protagonistas, amplificando el impacto de las im\u00e1genes y v\u00eddeos de la proyecci\u00f3n.<\/span><\/p>\n<p style=\"text-align: justify;\"><span>La instalaci\u00f3n se ha llevado a cabo de la mano de la empresa Nunsys. Decidieron instalar recintos Lynx Pro Audio HR-1296\/7 y subgraves Lynx Pro Audio HR-18\/6 para el refuerzo de bajas frecuencias. Los recintos estaban instalados en el centro de cada truss para poder <strong>ofrecer una cobertura uniforme de 360 grados<\/strong>. Desde cualquier \u00e1ngulo el sonido era claro y potente.<\/span><span><\/span><span><\/span><\/p>\n<p style=\"text-align: justify;\"><span>Los recintos HR-1296\/7 se caracterizan por ser sistemas de instalaci\u00f3n b\u00e1sicos con una potencia de hasta 129 dB SPL y una rotaci\u00f3n de 90-60 grados. <\/span>Recinto toda gama ultra compacto de dos v\u00edas y altas prestaciones, con selector pasivo \/ bi-amplificado.<\/p>\n<p style=\"text-align: justify;\"><span>Las im\u00e1genes proyectadas son obra de artistas como Javier Mariscal &amp; David Shrigley, SDNA, Mat Collishaw o Greenaway &amp; Greenaway. Esta obra inmersiva forma parte del programa oficial de <\/span><a href=\"https:\/\/www.visitvalencia.com\/capital-mundial-diseno\" target=\"_blank\" rel=\"noopener\">World Design Capital Valencia 2022<\/a><span>, y ha sido organizado por la Fundaci\u00f3n Hortensia Herrero.<\/span><\/p>\n<p style=\"text-align: justify;\">Debajo se puede ver <strong>un v\u00eddeo del proceso de montaje<\/strong> en \u00abLa Marina\u00bb de Valencia:<\/p>\n<\/div>\n<\/div>\n<\/div>\n<div class=\"section\">\n<div class=\"row\">\n<div class=\"column\">\n<p>Productos utilizados<\/p>\n<\/div>\n<\/div>\n<div class=\"row\">\n<div class=\"column\">\n<div class=\"et_pb_module et_pb_blurb et_pb_blurb_0 et_hover_enabled  et_pb_text_align_left  et_pb_blurb_position_top et_pb_bg_layout_light\">\n<div class=\"et_pb_blurb_content\">\n<div class=\"et_pb_blurb_container\">\n<div class=\"et_pb_blurb_description\">\n<p>Recinto toda gama ultra compacto de dos v\u00edas y altas prestaciones, con selector pasivo \/ bi-amplificado.<\/p>\n<\/div>\n<\/div>\n<\/div>\n<\/div>\n<p style=\"text-align: justify;\"><a href=\"\/www\/home?page_id=22916\"><strong>M\u00e1s detalles<\/strong><\/a><\/p>\n<\/div>\n<div class=\"column\">\n<p style=\"text-align: justify;\">Recinto de sub graves de media potencia que monta un altavoz de 18\u201d en configuraci\u00f3n bass reflex de radiaci\u00f3n directa.<\/p>\n<p style=\"text-align: justify;\"><a href=\"\/www\/home?page_id=22872\"><strong>M\u00e1s detalles<\/strong><\/a><\/p>\n<\/div>\n<div class=\"column\"><\/div>\n<\/div>\n<\/div>\n<div class=\"section\">\n<div class=\"row\">\n<div class=\"column\">\n<p>Instalaciones fijas<\/p>\n<\/div>\n<\/div>\n<div class=\"row\">\n<div class=\"column\">\n<p style=\"text-align: justify;\"><span>La isla de Bali es la meca del turismo tropical y parece el lugar perfecto para nuestra serie de altavoces Juno, compuesta por 2 peque\u00f1os recintos resistentes a las inclemencias clim\u00e1ticas.<\/span><\/p>\n<p style=\"text-align: justify;\"><a href=\"\/www\/home?p=46783\"><strong>Leer m\u00e1s<\/strong><\/a><\/p>\n<\/div>\n<div class=\"column\">\n<p style=\"text-align: justify;\"><span>Voltereta Kioto es un restaurante inspirado en la ciudad japonesa de Kioto. Cruzar las puertas de cualquier Voltereta significa entrar en un viaje a un nuevo&#8230;<\/span><\/p>\n<p style=\"text-align: justify;\"><a href=\"\/www\/home?p=78479\"><strong>Leer m\u00e1s<\/strong><\/a><\/p>\n<\/div>\n<div class=\"column\">\n<p style=\"text-align: justify;\"><span>Con una playa privada a tan s\u00f3lo unos kil\u00f3metros del centro de Amsterdam y mirando hacia Harleem, el Villa Westend es un complejo \u00fanico. Es el lugar ideal tanto para distraerse como para hacer negocios.\u00a0<\/span><\/p>\n<p style=\"text-align: justify;\"><a href=\"\/www\/home?p=72844\"><span><strong>Leer m\u00e1s<\/strong><\/span><\/a><\/p>\n<\/div>\n<\/div>\n<\/div>\n","protected":false},"excerpt":{"rendered":"<p>Este verano hemos podido disfrutar de la experiencia art\u00edstica inmersiva llamada\u00a0\u00abCurtain Call\u00bb, una cortina de ocho metros de altura compuesta por m\u00e1s de 5.000 varillas de silicona, y sobre cuya superficie se proyectan im\u00e1genes y v\u00eddeos que se pueden ver tanto desde el interior como desde el exterior.\u00a0 La exhibici\u00f3n \u00abRon Arad 720\u00bb, organizada por [&hellip;]<\/p>\n","protected":false},"author":6,"featured_media":17753,"comment_status":"open","ping_status":"open","sticky":false,"template":"","format":"standard","meta":{"_acf_changed":false,"footnotes":""},"categories":[120,140],"tags":[],"class_list":["post-18002","post","type-post","status-publish","format-standard","has-post-thumbnail","hentry","category-instalaciones","category-otras-aplicaciones"],"acf":[],"_links":{"self":[{"href":"https:\/\/pre.lynxproaudio.com\/es\/wp-json\/wp\/v2\/posts\/18002","targetHints":{"allow":["GET"]}}],"collection":[{"href":"https:\/\/pre.lynxproaudio.com\/es\/wp-json\/wp\/v2\/posts"}],"about":[{"href":"https:\/\/pre.lynxproaudio.com\/es\/wp-json\/wp\/v2\/types\/post"}],"author":[{"embeddable":true,"href":"https:\/\/pre.lynxproaudio.com\/es\/wp-json\/wp\/v2\/users\/6"}],"replies":[{"embeddable":true,"href":"https:\/\/pre.lynxproaudio.com\/es\/wp-json\/wp\/v2\/comments?post=18002"}],"version-history":[{"count":0,"href":"https:\/\/pre.lynxproaudio.com\/es\/wp-json\/wp\/v2\/posts\/18002\/revisions"}],"wp:featuredmedia":[{"embeddable":true,"href":"https:\/\/pre.lynxproaudio.com\/es\/wp-json\/wp\/v2\/media\/17753"}],"wp:attachment":[{"href":"https:\/\/pre.lynxproaudio.com\/es\/wp-json\/wp\/v2\/media?parent=18002"}],"wp:term":[{"taxonomy":"category","embeddable":true,"href":"https:\/\/pre.lynxproaudio.com\/es\/wp-json\/wp\/v2\/categories?post=18002"},{"taxonomy":"post_tag","embeddable":true,"href":"https:\/\/pre.lynxproaudio.com\/es\/wp-json\/wp\/v2\/tags?post=18002"}],"curies":[{"name":"wp","href":"https:\/\/api.w.org\/{rel}","templated":true}]}}