{"id":17993,"date":"2022-01-27T10:29:11","date_gmt":"2022-01-27T09:29:11","guid":{"rendered":"http:\/\/lynxproaudio.loading.net\/recintos-ionic-en-la-expo-2020-de-dubai\/"},"modified":"2022-01-27T10:29:13","modified_gmt":"2022-01-27T09:29:13","slug":"recintos-ionic-en-la-expo-2020-de-dubai","status":"publish","type":"post","link":"https:\/\/pre.lynxproaudio.com\/es\/recintos-ionic-en-la-expo-2020-de-dubai\/","title":{"rendered":"Recintos Ionic en la Exposici\u00f3n Universal de Dubai"},"content":{"rendered":"<div class=\"section\">\n<div class=\"row\">\n<div class=\"column\">\n<p style=\"text-align: justify;\"><span>Estamos ante uno de los acontecimientos m\u00e1s grandes del 2021 y que seguir\u00e1 vigente hasta finales de marzo de 2022. Dubai est\u00e1 celebrando su gran Exposici\u00f3n Universal despu\u00e9s del aplazamiento sufrido por la pandemia, y en Lynx Pro Audio estamos orgullosos de haber participado en la sonorizaci\u00f3n de muchos espacios de esta Expo Dubai 2020, en la que el emirato \u00e1rabe se proyecta como una regi\u00f3n que asombra al mundo.<\/span><\/p>\n<p style=\"text-align: justify;\"><strong>Se han instalado centenares de sistemas de Lynx Pro Audio, concretamente los Ionic-5CX, Ionic-50 y WCX-8 entre el Centro de Exhibici\u00f3n de Dubai y la plaza Al Wasl.<\/strong> Los Ionic-50 han sido instalados en las entradas de la Expo y las Ionic-5CX y WCX-8 cubren todo el camino hasta el centro de la exposici\u00f3n.<\/p>\n<p style=\"text-align: justify;\">La Dubai Expo se celebra desde el 1 de octubre de 2021 hasta el 31 de marzo de 2022, con la presencia de 192 pa\u00edses expositores y se espera que m\u00e1s de 25 millones de visitantes. Los pabellones<span>\u00a0conforman una peque\u00f1a ciudad con estructuras arquitect\u00f3nicas, presentaciones de innovaciones tecnol\u00f3gicas, exposiciones y espacios interactivos.<\/span><\/p>\n<p style=\"text-align: justify;\">El tema de la Expo este a\u00f1o es \u00abConnecting minds, creating the future\u00bb\u2014\u00a0<strong>Conectando mentes, creando el futuro\u00a0<\/strong>\u2014, una frase que refleja el esp\u00edritu de colaboraci\u00f3n entre pa\u00edses para crear un futuro mejor y m\u00e1s brillante para todos a trav\u00e9s de la innovaci\u00f3n y el desarrollo.<\/p>\n<p style=\"text-align: justify;\">La Dubai Expo tiene lugar en el nuevo centro de exposiciones Dubai Trade Center-Jebel Ali, que <span>ocupa una superficie equivalente a 613 campos de f\u00fatbol. Los pa\u00edses no se distribuyen por regiones, sino que se dividen en tres grandes distritos: <strong>el de la Movilidad, Oportunidad y Sostenibilidad<\/strong>. Todos estos distritos est\u00e1n conectados por la plaza central Al Wasl.<\/span><span><\/span><span><\/span><span><\/span><\/p>\n<p style=\"text-align: justify;\"><span>El objetivo de la Expo es reunir ideas prometedoras provenientes de todo el mundo e inspirar a los participantes a formar parte de desaf\u00edos comunes. <strong>Los asistentes pueden experimentar vivencias \u00fanicas.<\/strong> Descubrir los viajes en hyperloop, ver el potencial transformador de la impresi\u00f3n 3D, participar en una misi\u00f3n a Marte simulada, degustar lo que ser\u00e1n los alimentos del futuro, interactuar con nuevas m\u00e1quinas y conocer c\u00f3mo la naturaleza nos puede ayudar a mejorar en el futuro son varias de las vivencias que se pueden experimentar en esta edici\u00f3n.<\/span><span><\/span><span><\/span><\/p>\n<p style=\"text-align: justify;\"><span>La Expo cuenta con m\u00e1s de 200 restautantes y 50 opciones gastron\u00f3micas diferentes, adem\u00e1s de muchos eventos culturales que se celebrar\u00e1n todos los d\u00edas que dura el evento. Es uno de los acontecimientos m\u00e1s grandes e importantes de este a\u00f1o.<\/span><\/p>\n<\/div>\n<\/div>\n<\/div>\n<div class=\"section\">\n<div class=\"row\">\n<div class=\"column\">\n<p>Productos utilizados<\/p>\n<\/div>\n<\/div>\n<div class=\"row\">\n<div class=\"column\">\n<p>Columna pasiva compacta con 6 altavoces de neodimio de 3\u201d (bobina de 0.75\u201d).<\/p>\n<p><a href=\"\/www\/home?page_id=23047\"><strong>M\u00e1s detalles<\/strong><\/a><\/p>\n<\/div>\n<div class=\"column\">\n<p style=\"text-align: justify;\">Port\u00e1til, compacto y vers\u00e1til. F\u00e1cil de utilizar y de instalar. Altavoz coaxial de 5 \u201cque ofrece una cobertura de dispersi\u00f3n c\u00f3nica de 70\u00b0 y 117dB SPL.<\/p>\n<p style=\"text-align: justify;\"><a href=\"\/www\/home?page_id=23136\"><strong>M\u00e1s detalles<\/strong><\/a><\/p>\n<\/div>\n<div class=\"column\">\n<p class=\"p1\">Altavoz coaxial de 8\u2033 resistente a las inclemencias clim\u00e1ticas que ofrece una cobertura de dispersi\u00f3n c\u00f3nica de 70\u00ba y 120 dB SPL.<\/p>\n<p style=\"text-align: justify;\"><a href=\"\/www\/home?page_id=40482\"><strong>M\u00e1s detalles<\/strong><\/a><\/p>\n<\/div>\n<\/div>\n<\/div>\n<div class=\"section\">\n<div class=\"row\">\n<div class=\"column\">\n<p>M\u00e1s instalaciones<\/p>\n<\/div>\n<\/div>\n<div class=\"row\">\n<div class=\"column\">\n<p style=\"text-align: justify;\"><span>El Museo Mar\u00edtimo Nacional de Se\u00fal es el tercer museo m\u00e1s grande de Corea del Sur. El museo fue inaugurado el 9 de julio (2012) y est\u00e1 ubicado en Dongsam-dong, Yeongdo-gu, Busan. El museo exhibe m\u00e1s de 12.000 reliquias mar\u00edtimas&#8230;<\/span><\/p>\n<p style=\"text-align: justify;\"><a href=\"\/www\/home?p=32167\"><span><strong>Leer m\u00e1s<\/strong><\/span><\/a><\/p>\n<\/div>\n<div class=\"column\">\n<p style=\"text-align: justify;\"><span>No es solo la tradici\u00f3n estudiantil (desde 1558) lo que hace que los alumnos elijan la\u00a0Universidad Friedrich Schiller Jena,\u00a0sino la gran consideraci\u00f3n con la que se imparten sus cursos, orientados a la pr\u00e1ctica. Estos cursos han topado todos los primeros puestos de&#8230;<\/span><\/p>\n<p style=\"text-align: justify;\"><a href=\"\/www\/home?p=32220\"><strong>Leer m\u00e1s<\/strong><\/a><\/p>\n<\/div>\n<div class=\"column\">\n<p style=\"text-align: justify;\"><span>El line array LX-F6 ha sido el sistema de sonido elegido para el hospital m\u00e1s grande de Valencia: Hospital Universitario y Polit\u00e9cnico La Fe de Valencia. La Fe, el hospital m\u00e1s nuevo y m\u00e1s grande de Valencia, ha elegido el sonido profesional de Lynx Pro Audio para su..<\/span><\/p>\n<p style=\"text-align: justify;\"><a href=\"\/www\/home?p=32196\"><span><strong>Leer m\u00e1s<\/strong><\/span><\/a><\/p>\n<\/div>\n<\/div>\n<\/div>\n","protected":false},"excerpt":{"rendered":"<p>Estamos ante uno de los acontecimientos m\u00e1s grandes del 2021 y que seguir\u00e1 vigente hasta finales de marzo de 2022. Dubai est\u00e1 celebrando su gran Exposici\u00f3n Universal despu\u00e9s del aplazamiento sufrido por la pandemia, y en Lynx Pro Audio estamos orgullosos de haber participado en la sonorizaci\u00f3n de muchos espacios de esta Expo Dubai 2020, [&hellip;]<\/p>\n","protected":false},"author":6,"featured_media":17733,"comment_status":"open","ping_status":"open","sticky":false,"template":"","format":"standard","meta":{"_acf_changed":false,"footnotes":""},"categories":[130,120],"tags":[460],"class_list":["post-17993","post","type-post","status-publish","format-standard","has-post-thumbnail","hentry","category-edificios-publicos","category-instalaciones","tag-internacional"],"acf":[],"_links":{"self":[{"href":"https:\/\/pre.lynxproaudio.com\/es\/wp-json\/wp\/v2\/posts\/17993","targetHints":{"allow":["GET"]}}],"collection":[{"href":"https:\/\/pre.lynxproaudio.com\/es\/wp-json\/wp\/v2\/posts"}],"about":[{"href":"https:\/\/pre.lynxproaudio.com\/es\/wp-json\/wp\/v2\/types\/post"}],"author":[{"embeddable":true,"href":"https:\/\/pre.lynxproaudio.com\/es\/wp-json\/wp\/v2\/users\/6"}],"replies":[{"embeddable":true,"href":"https:\/\/pre.lynxproaudio.com\/es\/wp-json\/wp\/v2\/comments?post=17993"}],"version-history":[{"count":0,"href":"https:\/\/pre.lynxproaudio.com\/es\/wp-json\/wp\/v2\/posts\/17993\/revisions"}],"wp:featuredmedia":[{"embeddable":true,"href":"https:\/\/pre.lynxproaudio.com\/es\/wp-json\/wp\/v2\/media\/17733"}],"wp:attachment":[{"href":"https:\/\/pre.lynxproaudio.com\/es\/wp-json\/wp\/v2\/media?parent=17993"}],"wp:term":[{"taxonomy":"category","embeddable":true,"href":"https:\/\/pre.lynxproaudio.com\/es\/wp-json\/wp\/v2\/categories?post=17993"},{"taxonomy":"post_tag","embeddable":true,"href":"https:\/\/pre.lynxproaudio.com\/es\/wp-json\/wp\/v2\/tags?post=17993"}],"curies":[{"name":"wp","href":"https:\/\/api.w.org\/{rel}","templated":true}]}}