{"id":17974,"date":"2019-11-07T10:13:32","date_gmt":"2019-11-07T09:13:32","guid":{"rendered":"http:\/\/lynxproaudio.loading.net\/lynx-pro-audio-festival-internacional-arte-shanghai\/"},"modified":"2019-11-07T10:13:30","modified_gmt":"2019-11-07T09:13:30","slug":"lynx-pro-audio-festival-internacional-arte-shanghai","status":"publish","type":"post","link":"https:\/\/pre.lynxproaudio.com\/es\/lynx-pro-audio-festival-internacional-arte-shanghai\/","title":{"rendered":"Lynx Pro Audio en el Festival Internacional de Arte de Shanghai"},"content":{"rendered":"<div class=\"section\">\n<div class=\"row\">\n<div class=\"column\">\n<p style=\"text-align: justify;\">En octubre de 2019<strong>, Lynx Pro Audio estuvo presente en la 21\u00aa edici\u00f3n del <a href=\"https:\/\/www.artsbird.com\/\" target=\"_blank\" rel=\"noopener\">Festival Internacional de Arte de China \u00abArts Bird\u00bb<\/a><\/strong> y en el 2\u00ba Festival Internacional de M\u00fasica de Piano del Distrito Hist\u00f3rico de Shanghai Changning Yuyuan Road, en el Parque Zhongshan.<\/p>\n<p style=\"text-align: justify;\">En la ceremonia de apertura, el famoso pianista lituano Rokas Valuntonis y el famoso \u00abCuarteto de cuerdas Metis\u00bb de Lituania presentaron un maravilloso solo de piano y un cuarteto de cuerdas a la audiencia.<\/p>\n<p style=\"text-align: justify;\">En la siguiente actuaci\u00f3n,las Orquestas Sinf\u00f3nicas de Beijing y Shanghai presentaron la magn\u00edfica canci\u00f3n \u00abOda a la Bandera Roja\u00bb, que abri\u00f3 la ceremonia de apertura. La adaptaci\u00f3n del concierto para piano \u00abOda a la Bandera Roja\u00bb ha sido autorizada por el autor original Lu Qiming.<\/p>\n<p style=\"text-align: justify;\"><\/div>\n<\/div>\n<div class=\"row\">\n<div class=\"column\"><\/div>\n<div class=\"column\"><\/div>\n<div class=\"column\"><\/div>\n<\/div>\n<div class=\"row\">\n<div class=\"column\">\n<p style=\"text-align: justify;\"><span style=\"font-size: 14px;\">Beijing Xi Ya Linke ha sido el equipo t\u00e9cnico de sonido que ha ayudado a cubrir el evento y que <\/span><strong style=\"font-size: 14px;\">ha elegido los sistemas de sonido profesional de Lynx Pro Audio<\/strong><span style=\"font-size: 14px;\"> para garantizar una buena cobertura para la inauguraci\u00f3n del festival.<\/span><\/p>\n<p style=\"text-align: justify;\"><strong>Como main field (PA) se han utilizado un total de 16 recintos line array LX-V12,<\/strong> divididos en dos grupos y volados a ambos lados del escenario.\u00a0<a href=\"\/www\/home?page_id=22474\"><span>LX-V12 es un\u00a0<\/span>recinto line array auto-amplificado de 3 v\u00edas con muy alta potencia.<\/a>\u00a0Gracias a su excelente relaci\u00f3n potencia-volumen-peso y la ayuda de todas las opciones de rigging disponibles, el sistema LX-V12 puede pasar del cami\u00f3n a ser volado en un tiempo record. Al mismo tiempo es un sistema f\u00e1cil de usar y controlar sin la necesidad de amplificadores ni equipos externos.<\/p>\n<p style=\"text-align: justify;\">Tambi\u00e9n se han volad<strong>o 8 recintos line array GXR-LA10A<\/strong>, cuatro a cada lado y al frente del escenario. Este line array<span>\u00a0es la<\/span><strong><span>\u00a0<\/span><\/strong>soluci\u00f3n ideal para proyectos de instalaci\u00f3n y eventos de todo tipo, <a href=\"\/www\/home?page_id=22448\">en donde se requiera un sistema line array compacto, pr\u00e1ctico y fiable.<\/a><\/p>\n<p style=\"text-align: justify;\">Para el refuerzo de las bajas frecuencias, se han instalado 8 subgraves cardioides LX-318C, divididos en grupos de 4 y colocados a ambos lados del escenario. <strong><a href=\"\/www\/home?page_id=22476\">Este recinto no es un subgrave cardioide convencional sino que ha sido dise\u00f1ado para ofrecer soluciones \u201c2 en 1<\/a>\u00ab<\/strong><span><strong>.<\/strong> Gracias a nuestro sistema DSP el usuario puede elegir entre cobertura omnidireccional o cobertura cardioide.<\/span><\/p>\n<p style=\"text-align: justify;\">El evento se celebr\u00f3 frente al r\u00edo Huangpu.<\/p>\n<\/div>\n<\/div>\n<\/div>\n<div class=\"section\">\n<div class=\"row\">\n<div class=\"column\">\n<p>Productos utilizados<\/p>\n<\/div>\n<\/div>\n<div class=\"row\">\n<div class=\"column\">\n<p style=\"text-align: justify;\">Recinto line array auto-amplificado con clase D. Sistema de dos v\u00edas equipado con dos altavoces de 10\u2033 (bobina 2\u2033)<\/p>\n<p><a href=\"\/www\/home?page_id=22448\"><strong>M\u00e1s detalles<\/strong><\/a><\/p>\n<\/div>\n<div class=\"column\">\n<p>Recinto line array de 3 v\u00edas con muy alta potencia. Auto-amplificado Clase D con PFC (Power Factor Correction).<\/p>\n<p style=\"text-align: justify;\"><a href=\"\/www\/home?page_id=22474\"><strong>M\u00e1s detalles<\/strong><\/a><\/p>\n<\/div>\n<div class=\"column\">\n<p style=\"text-align: justify;\">Subgrave cardioide de muy alta potencia, auto-amplificado (Clase D alimentacio\u0301n conmutada).<\/p>\n<p style=\"text-align: justify;\"><a href=\"\/www\/home?page_id=22476\"><strong>M\u00e1s detalles<\/strong><\/a><\/p>\n<\/div>\n<\/div>\n<\/div>\n<div class=\"section\">\n<div class=\"row\">\n<div class=\"column\">\n<p>M\u00e1s instalaciones<\/p>\n<\/div>\n<\/div>\n<div class=\"row\">\n<div class=\"column\">\n<p style=\"text-align: justify;\"><span>Seo-gu Healing Art Festival se celebra durante tres d\u00edas de mayo en Daejeon, Corea del Sur. Tiene un gran escenario para todos los espect\u00e1culos que tienen lugar durante el festival. Mucha gente asiste a este evento, por lo que&#8230;<\/span><\/p>\n<p style=\"text-align: justify;\"><strong>Leer m\u00e1s<\/strong><\/p>\n<\/div>\n<div class=\"column\">\n<p style=\"text-align: justify;\"><span>El Festival Strandfieber es un gran festival de electro celebrado en Goldenstedt (Alemania) organizado por Multimedia M&amp;E GmbH. Para la edici\u00f3n del verano de 2017, se montaron tres escenarios utilizando los sistemas line array&#8230;<\/span><\/p>\n<p style=\"text-align: justify;\"><strong>Leer m\u00e1s<\/strong><\/p>\n<\/div>\n<div class=\"column\">\n<p style=\"text-align: justify;\"><span>El pasado 14 de octubre, la famosa banda Sheila el 7 se present\u00f3 en la Feria Jatim 2018 en Surabaya, Indonesia. El escenario principal estaba equipado con los sistemas de sonido profesionales de Lynx Pro Audio proporcionados&#8230;<\/span><\/p>\n<p style=\"text-align: justify;\"><b>Leer m\u00e1s<\/b><\/p>\n<\/div>\n<\/div>\n<\/div>\n","protected":false},"excerpt":{"rendered":"<p>En octubre de 2019, Lynx Pro Audio estuvo presente en la 21\u00aa edici\u00f3n del Festival Internacional de Arte de China \u00abArts Bird\u00bb y en el 2\u00ba Festival Internacional de M\u00fasica de Piano del Distrito Hist\u00f3rico de Shanghai Changning Yuyuan Road, en el Parque Zhongshan. En la ceremonia de apertura, el famoso pianista lituano Rokas Valuntonis [&hellip;]<\/p>\n","protected":false},"author":6,"featured_media":17707,"comment_status":"open","ping_status":"open","sticky":false,"template":"","format":"standard","meta":{"_acf_changed":false,"footnotes":""},"categories":[105,170],"tags":[269,212],"class_list":["post-17974","post","type-post","status-publish","format-standard","has-post-thumbnail","hentry","category-noticias","category-touring-y-conciertos","tag-serie-gxr","tag-serie-lx"],"acf":[],"_links":{"self":[{"href":"https:\/\/pre.lynxproaudio.com\/es\/wp-json\/wp\/v2\/posts\/17974","targetHints":{"allow":["GET"]}}],"collection":[{"href":"https:\/\/pre.lynxproaudio.com\/es\/wp-json\/wp\/v2\/posts"}],"about":[{"href":"https:\/\/pre.lynxproaudio.com\/es\/wp-json\/wp\/v2\/types\/post"}],"author":[{"embeddable":true,"href":"https:\/\/pre.lynxproaudio.com\/es\/wp-json\/wp\/v2\/users\/6"}],"replies":[{"embeddable":true,"href":"https:\/\/pre.lynxproaudio.com\/es\/wp-json\/wp\/v2\/comments?post=17974"}],"version-history":[{"count":0,"href":"https:\/\/pre.lynxproaudio.com\/es\/wp-json\/wp\/v2\/posts\/17974\/revisions"}],"wp:featuredmedia":[{"embeddable":true,"href":"https:\/\/pre.lynxproaudio.com\/es\/wp-json\/wp\/v2\/media\/17707"}],"wp:attachment":[{"href":"https:\/\/pre.lynxproaudio.com\/es\/wp-json\/wp\/v2\/media?parent=17974"}],"wp:term":[{"taxonomy":"category","embeddable":true,"href":"https:\/\/pre.lynxproaudio.com\/es\/wp-json\/wp\/v2\/categories?post=17974"},{"taxonomy":"post_tag","embeddable":true,"href":"https:\/\/pre.lynxproaudio.com\/es\/wp-json\/wp\/v2\/tags?post=17974"}],"curies":[{"name":"wp","href":"https:\/\/api.w.org\/{rel}","templated":true}]}}