{"id":17967,"date":"2018-07-28T12:52:24","date_gmt":"2018-07-28T10:52:24","guid":{"rendered":"http:\/\/lynxproaudio.loading.net\/morat-en-concierto-con-lynx-pro-audio\/"},"modified":"2018-07-28T12:52:23","modified_gmt":"2018-07-28T10:52:23","slug":"morat-en-concierto-con-lynx-pro-audio","status":"publish","type":"post","link":"https:\/\/pre.lynxproaudio.com\/es\/morat-en-concierto-con-lynx-pro-audio\/","title":{"rendered":"Morat en concierto con Lynx Pro Audio"},"content":{"rendered":"<div class=\"section\">\n<div class=\"row\">\n<div class=\"column\">\n<p style=\"text-align: justify;\">Morat hizo su aparici\u00f3n por primera vez en Uruguay en el Teatro de Verano de Montevideo, un lugar donde se celebran muchos conciertos de artistas nacionales e internacionales. \u00c9ste fue organizado por el equipo t\u00e9cnico de <strong>Ganz\u00faa Producciones<\/strong> y su equipo de t\u00e9cnicos de sonido eligi\u00f3 los sistemas de audio profesional de Lynx Pro Audio para realizar la cobertura.<\/p>\n<p style=\"text-align: justify;\">Para el <strong>main PA<\/strong>, se volaron<a href=\"\/www\/home?page_id=22474\" target=\"_blank\" rel=\"noopener noreferrer\"> 16 line arrays LX-V12<\/a> a cada lado del escenario. Como <strong>side fill,<\/strong> se colocaron 6 LX-V8 y 2 LX-218S en cada lado; y para el <strong>down fill<\/strong>, se volaron <a href=\"\/www\/home?page_id=23583\" target=\"_blank\" rel=\"noopener noreferrer\">8 line arrays LX-V8<\/a> a cada lado.<\/p>\n<p style=\"text-align: justify;\">El <strong>recinto LX-V12 es\u00a0<\/strong><span><strong>un line array de 3 v\u00edas con muy alta potencia.<\/strong> Auto-amplificado Clase D con PFC (Power Factor Correction) y\u00a0143dB SPL.\u00a0Dos altavoces LF 12\u2032\u2032 de neodimio con doble anillo demodulador, (bobina 4\u2032\u2032 tipo sandwich intercalado), cuatro altavoces MF 6,5\u2032\u2032 con conos de fibra de vidrio y bobina ultra- ligera. En cuanto al <strong>LX-V8 es un line array compacto de 2 vias autoamplificado<\/strong> (Clase D alimentacio\u0301n conmutada) Carga frontal Configuracio\u0301n-V. Dos altavoces 8\u2032\u2032 con grupo magne\u0301tico de neodimio y conos de nomex.\u00a0<\/span><\/p>\n<p style=\"text-align: justify;\">Como <strong>refuerzo de las bajas frecuencias<\/strong>, 16 LX-318C y 2 LX-218S. <a href=\"\/www\/home?page_id=22476\" target=\"_blank\" rel=\"noopener noreferrer\">El subgrave LX-318C<\/a> es un cardioide de extraordinario rendimiento dise\u00f1ado para trabajar en perfecta armon\u00eda con el LX-V12, mientras que<a href=\"\/www\/home?page_id=23651\" target=\"_blank\" rel=\"noopener noreferrer\"> el subgrave LX-218S<\/a> est\u00e1 dise\u00f1ado para trabajar con los recintos LX-V8.<\/p>\n<p style=\"text-align: justify;\">Morat dio el salto a la fama gracias a su canci\u00f3n Como te atreves, que ocup\u00f3 el puesto n\u00famero uno en Espa\u00f1a y desde all\u00ed dio el salto al resto de Am\u00e9rica Latina.<\/p>\n<p style=\"text-align: justify;\">Morat es un grupo de pop latino de Colombia que naci\u00f3 en 2015. Cuenta con cuatro miembros y tienen alrededor de 22 a\u00f1os. Paulina Rubio los descubri\u00f3 y les ofreci\u00f3 grabar un \u00e1lbum.<\/p>\n<\/div>\n<\/div>\n<div class=\"row\">\n<div class=\"column\"><img decoding=\"async\" src=\"https:\/\/www.lynxproaudio.com\/lx-resources\/uploads\/2019\/07\/Lynx-Pro-Audio-morat-montevideo.-touring-line-arrays-2.jpg\" alt=\"\" \/><\/div>\n<div class=\"column\"><img decoding=\"async\" src=\"https:\/\/www.lynxproaudio.com\/lx-resources\/uploads\/2019\/07\/Lynx-Pro-Audio-morat-montevideo.-touring-line-arrays-3.jpg\" alt=\"\" \/><\/div>\n<\/div>\n<div class=\"row\">\n<div class=\"column\"><img decoding=\"async\" src=\"https:\/\/www.lynxproaudio.com\/lx-resources\/uploads\/2019\/07\/Lynx-Pro-Audio-morat-montevideo.-touring-line-arrays.jpg\" alt=\"\" \/><\/div>\n<\/div>\n<\/div>\n<div class=\"section\">\n<div class=\"row\">\n<div class=\"column\">\n<p>Productos utilizados<\/p>\n<\/div>\n<\/div>\n<div class=\"row\">\n<div class=\"column\">\n<p>Recinto line array de 3 v\u00edas con muy alta potencia. Auto-amplificado Clase D con PFC (Power Factor Correction).<\/p>\n<p style=\"text-align: justify;\"><a href=\"\/www\/home?page_id=22474\"><strong>M\u00e1s detalles<\/strong><\/a><\/p>\n<\/div>\n<div class=\"column\">\n<p style=\"text-align: justify;\">Recinto line array compacto de 2 vias autoamplificado (Clase D alimentacio\u0301n conmutada) Carga frontal Configuracio\u0301n-V.<\/p>\n<p style=\"text-align: justify;\"><a href=\"\/www\/home?page_id=23583\"><strong>M\u00e1s detalles<\/strong><\/a><\/p>\n<\/div>\n<div class=\"column\">\n<p style=\"text-align: justify;\">Subgrave cardioide de muy alta potencia, auto-amplificado (Clase D alimentacio\u0301n conmutada).<\/p>\n<p style=\"text-align: justify;\"><a href=\"\/www\/home?page_id=22476\"><strong>M\u00e1s detalles<\/strong><\/a><\/p>\n<\/div>\n<div class=\"column\">\n<p style=\"text-align: justify;\">Subgrave autoamplificado de alta potencia (Clase D alimentacio\u0301n conmutada). Dos altavoces LF 18\u201d (bobina 4\u2032\u2032) y grupo magne\u0301tico de neodimio.<\/p>\n<p><a href=\"\/www\/home?page_id=23651\"><strong>M\u00e1s detalles<\/strong><\/a><\/p>\n<\/div>\n<\/div>\n<\/div>\n<div class=\"section\">\n<div class=\"row\">\n<div class=\"column\">\n<p>M\u00e1s instalaciones<\/p>\n<\/div>\n<\/div>\n<div class=\"row\">\n<div class=\"column\">\n<p style=\"text-align: justify;\"><span>El 8 y 9 de Julio se celebr\u00f3 el festival Marenostrum Xperience de Valencia, uno de los mayores festivales de m\u00fasica electr\u00f3nica donde se juntan DJ\u2019s de culto con miles de personas venidas de todas las regiones y pa\u00edses&#8230;<\/span><\/p>\n<p style=\"text-align: justify;\"><strong>Leer m\u00e1s<\/strong><\/p>\n<\/div>\n<div class=\"column\">\n<p style=\"text-align: justify;\"><span>El Marina Beach Club est\u00e1 situado en el puerto deportivo de la ciudad de Valencia y se ha convertido r\u00e1pidamente en uno de los sitios de moda de la ciudad del T\u00faria. Este es un club de primera clase para disfrutar a cualquier hora del d\u00eda, y es que el complejo ofrece&#8230;<\/span><\/p>\n<p style=\"text-align: justify;\"><span><strong>Leer m\u00e1s<\/strong><\/span><\/p>\n<\/div>\n<div class=\"column\">\n<p style=\"text-align: justify;\"><span>MYA es una discoteca con un concepto elegante situada en El Umbracle, en la Ciudad de las Artes y las Ciencias de Valencia, uno de los rincones emblem\u00e1ticos de la ciudad.\u00a0MYA se define como\u00a0un espacio de dise\u00f1o&#8230;<\/span><\/p>\n<p style=\"text-align: justify;\"><span><strong>Leer m\u00e1s<\/strong><\/span><\/p>\n<\/div>\n<\/div>\n<\/div>\n","protected":false},"excerpt":{"rendered":"<p>Morat hizo su aparici\u00f3n por primera vez en Uruguay en el Teatro de Verano de Montevideo, un lugar donde se celebran muchos conciertos de artistas nacionales e internacionales. \u00c9ste fue organizado por el equipo t\u00e9cnico de Ganz\u00faa Producciones y su equipo de t\u00e9cnicos de sonido eligi\u00f3 los sistemas de audio profesional de Lynx Pro Audio [&hellip;]<\/p>\n","protected":false},"author":6,"featured_media":17698,"comment_status":"open","ping_status":"open","sticky":false,"template":"","format":"standard","meta":{"_acf_changed":false,"footnotes":""},"categories":[105,131,170],"tags":[212],"class_list":["post-17967","post","type-post","status-publish","format-standard","has-post-thumbnail","hentry","category-noticias","category-nuestros-clientes","category-touring-y-conciertos","tag-serie-lx"],"acf":[],"_links":{"self":[{"href":"https:\/\/pre.lynxproaudio.com\/es\/wp-json\/wp\/v2\/posts\/17967","targetHints":{"allow":["GET"]}}],"collection":[{"href":"https:\/\/pre.lynxproaudio.com\/es\/wp-json\/wp\/v2\/posts"}],"about":[{"href":"https:\/\/pre.lynxproaudio.com\/es\/wp-json\/wp\/v2\/types\/post"}],"author":[{"embeddable":true,"href":"https:\/\/pre.lynxproaudio.com\/es\/wp-json\/wp\/v2\/users\/6"}],"replies":[{"embeddable":true,"href":"https:\/\/pre.lynxproaudio.com\/es\/wp-json\/wp\/v2\/comments?post=17967"}],"version-history":[{"count":0,"href":"https:\/\/pre.lynxproaudio.com\/es\/wp-json\/wp\/v2\/posts\/17967\/revisions"}],"wp:featuredmedia":[{"embeddable":true,"href":"https:\/\/pre.lynxproaudio.com\/es\/wp-json\/wp\/v2\/media\/17698"}],"wp:attachment":[{"href":"https:\/\/pre.lynxproaudio.com\/es\/wp-json\/wp\/v2\/media?parent=17967"}],"wp:term":[{"taxonomy":"category","embeddable":true,"href":"https:\/\/pre.lynxproaudio.com\/es\/wp-json\/wp\/v2\/categories?post=17967"},{"taxonomy":"post_tag","embeddable":true,"href":"https:\/\/pre.lynxproaudio.com\/es\/wp-json\/wp\/v2\/tags?post=17967"}],"curies":[{"name":"wp","href":"https:\/\/api.w.org\/{rel}","templated":true}]}}