{"id":17954,"date":"2010-02-04T11:52:01","date_gmt":"2010-02-04T10:52:01","guid":{"rendered":"http:\/\/lynxproaudio.loading.net\/universidad-de-jena-alemania\/"},"modified":"2010-02-04T11:07:29","modified_gmt":"2010-02-04T10:07:29","slug":"universidad-de-jena-alemania","status":"publish","type":"post","link":"https:\/\/pre.lynxproaudio.com\/es\/universidad-de-jena-alemania\/","title":{"rendered":"Universidad de Jena, Alemania"},"content":{"rendered":"<div class=\"section\">\n<div class=\"row\">\n<div class=\"column\"><img decoding=\"async\" src=\"https:\/\/www.lynxproaudio.com\/lx-resources\/uploads\/2014\/10\/auditorium-university-jena-germany.jpg\" alt=\"\" \/><\/p>\n<p style=\"text-align: justify;\">No es solo la tradici\u00f3n estudiantil (desde 1558) lo que hace que los alumnos elijan la\u00a0<a href=\"https:\/\/www.uni-jena.de\/en\/\" target=\"_blank\" rel=\"noopener\">Universidad Friedrich Schiller Jena,<\/a>\u00a0sino la gran consideraci\u00f3n con la que se imparten sus cursos, orientados a la pr\u00e1ctica. Estos cursos han topado todos los primeros puestos de prestigiosas revistas.<\/p>\n<p style=\"text-align: justify;\">La fuerza de la Universidedad Jena como comunidad cient\u00edfica reside en su capacidad para superar los l\u00edmites.<\/p>\n<p style=\"text-align: justify;\"><strong>Ambos auditorios de la Universidad Jena han sido equipados con un conjunto de line arrays LX-F6.<\/strong> El sistema de Lynx Pro Audio fue el favorito de entre las opciones presentadas, despu\u00e9s de que otros 3 fabricantes altamente considerados presentasen sus sistemas.<\/p>\n<p style=\"text-align: justify;\">\u00abEl LX-F6 proporciona una excelente inteligibilidad de la voz y un f\u00e1cil manejo, adem\u00e1s de ofrecer la oportunidad de observar el comportamiento a trav\u00e9s de OMS (sistema de monitoreo en l\u00ednea)\u00bb, coment\u00f3 Andreas Karstens, ingeniero responsable de la instalaci\u00f3n.<strong> \u00abEstoy m\u00e1s que satisfecho con la decisi\u00f3n y a\u00fan m\u00e1s satisfecho con los resultados del LX-F6\u00bb<\/strong>. VST de Saalfeld estuvo a cargo de la instalaci\u00f3n y llev\u00f3 a cabo todo el contrato de medios, audio y v\u00eddeo para toda la universidad, que cuenta con m\u00e1s de 21.000 estudiantes.<\/p>\n<p style=\"text-align: justify;\">Todos los 24 recintos LX-F6, as\u00ed como 4 subgraves LX-215S con marcos voladores, est\u00e1n instalados en ambos auditorios. Cada auditorio aloja entre 800 y 1.000 alumnos.<\/p>\n<p style=\"text-align: justify;\"><strong>La Universidad de Jena es una de las instituciones cient\u00edficas m\u00e1s modernas<\/strong>, con cient\u00edficos de alto nivel en sus respectivos campos a nivel mundial.<\/p>\n<p><img decoding=\"async\" src=\"https:\/\/www.lynxproaudio.com\/lx-resources\/uploads\/2019\/06\/university-of-jena-1080x675.jpg\" alt=\"\" \/><\/div>\n<\/div>\n<\/div>\n<div class=\"section\">\n<div class=\"row\">\n<div class=\"column\">\n<p>Productos utilizados<\/p>\n<\/div>\n<\/div>\n<div class=\"row\">\n<div class=\"column\">\n<p style=\"text-align: justify;\">Recinto line array ultra-compacto de 3 vias autoamplificado (Clase D Alimentacio\u0301n conmutada) carga frontal.<\/p>\n<p style=\"text-align: justify;\"><a href=\"\/www\/home?page_id=23604\"><strong>M\u00e1s detalles<\/strong><\/a><\/p>\n<\/div>\n<div class=\"column\"><\/div>\n<div class=\"column\"><\/div>\n<\/div>\n<\/div>\n<div class=\"section\">\n<div class=\"row\">\n<div class=\"column\">\n<p>M\u00e1s instalaciones<\/p>\n<\/div>\n<\/div>\n<div class=\"row\">\n<div class=\"column\">\n<p style=\"text-align: justify;\"><span>El Museo Mar\u00edtimo Nacional de Se\u00fal es el tercer museo m\u00e1s grande de Corea del Sur. El museo fue inaugurado el 9 de julio (2012) y est\u00e1 ubicado en Dongsam-dong, Yeongdo-gu, Busan. El museo exhibe m\u00e1s de 12.000 reliquias mar\u00edtimas&#8230;<\/span><\/p>\n<p style=\"text-align: justify;\"><span><strong>Leer m\u00e1s<\/strong><\/span><\/p>\n<\/div>\n<div class=\"column\">\n<p style=\"text-align: justify;\"><span>El line array LX-F6 ha sido el sistema de sonido elegido para el hospital m\u00e1s grande de Valencia: Hospital Universitario y Polit\u00e9cnico La Fe de Valencia. La Fe, el hospital m\u00e1s nuevo y m\u00e1s grande de Valencia, ha elegido el sonido profesional de Lynx Pro Audio para su..<\/span><\/p>\n<p style=\"text-align: justify;\"><span><strong>Leer m\u00e1s<\/strong><\/span><\/p>\n<\/div>\n<div class=\"column\">\n<p style=\"text-align: justify;\"><span>La\u00a0iglesia de San Jacinto de Sevilla (Andaluc\u00eda, Espa\u00f1a) es el templo de un convento dominico fundado en el siglo XVII. Se encuentra en la esquina de las calles San Jacinto y Pag\u00e9s del Corro, en el famoso barrio de Triana&#8230;<\/span><\/p>\n<p style=\"text-align: justify;\"><strong>Leer m\u00e1s<\/strong><\/p>\n<\/div>\n<\/div>\n<\/div>\n","protected":false},"excerpt":{"rendered":"<p>No es solo la tradici\u00f3n estudiantil (desde 1558) lo que hace que los alumnos elijan la\u00a0Universidad Friedrich Schiller Jena,\u00a0sino la gran consideraci\u00f3n con la que se imparten sus cursos, orientados a la pr\u00e1ctica. Estos cursos han topado todos los primeros puestos de prestigiosas revistas. La fuerza de la Universidedad Jena como comunidad cient\u00edfica reside en [&hellip;]<\/p>\n","protected":false},"author":6,"featured_media":17489,"comment_status":"open","ping_status":"open","sticky":false,"template":"","format":"standard","meta":{"_acf_changed":false,"footnotes":""},"categories":[130,120,105,131],"tags":[],"class_list":["post-17954","post","type-post","status-publish","format-standard","has-post-thumbnail","hentry","category-edificios-publicos","category-instalaciones","category-noticias","category-nuestros-clientes"],"acf":[],"_links":{"self":[{"href":"https:\/\/pre.lynxproaudio.com\/es\/wp-json\/wp\/v2\/posts\/17954","targetHints":{"allow":["GET"]}}],"collection":[{"href":"https:\/\/pre.lynxproaudio.com\/es\/wp-json\/wp\/v2\/posts"}],"about":[{"href":"https:\/\/pre.lynxproaudio.com\/es\/wp-json\/wp\/v2\/types\/post"}],"author":[{"embeddable":true,"href":"https:\/\/pre.lynxproaudio.com\/es\/wp-json\/wp\/v2\/users\/6"}],"replies":[{"embeddable":true,"href":"https:\/\/pre.lynxproaudio.com\/es\/wp-json\/wp\/v2\/comments?post=17954"}],"version-history":[{"count":0,"href":"https:\/\/pre.lynxproaudio.com\/es\/wp-json\/wp\/v2\/posts\/17954\/revisions"}],"wp:featuredmedia":[{"embeddable":true,"href":"https:\/\/pre.lynxproaudio.com\/es\/wp-json\/wp\/v2\/media\/17489"}],"wp:attachment":[{"href":"https:\/\/pre.lynxproaudio.com\/es\/wp-json\/wp\/v2\/media?parent=17954"}],"wp:term":[{"taxonomy":"category","embeddable":true,"href":"https:\/\/pre.lynxproaudio.com\/es\/wp-json\/wp\/v2\/categories?post=17954"},{"taxonomy":"post_tag","embeddable":true,"href":"https:\/\/pre.lynxproaudio.com\/es\/wp-json\/wp\/v2\/tags?post=17954"}],"curies":[{"name":"wp","href":"https:\/\/api.w.org\/{rel}","templated":true}]}}