{"id":17953,"date":"2011-04-21T10:02:54","date_gmt":"2011-04-21T08:02:54","guid":{"rendered":"http:\/\/lynxproaudio.loading.net\/sistemas-de-sonido-lx-f6-para-el-hospital-la-fe-de-valencia\/"},"modified":"2011-04-21T09:47:35","modified_gmt":"2011-04-21T07:47:35","slug":"sistemas-de-sonido-lx-f6-para-el-hospital-la-fe-de-valencia","status":"publish","type":"post","link":"https:\/\/pre.lynxproaudio.com\/es\/sistemas-de-sonido-lx-f6-para-el-hospital-la-fe-de-valencia\/","title":{"rendered":"Sistemas de sonido LX-F6 para el Hospital La Fe de Valencia"},"content":{"rendered":"<div class=\"section\">\n<div class=\"row\">\n<div class=\"column\">\n<p style=\"text-align: justify;\">El line array LX-F6 ha sido el sistema de sonido elegido para el hospital m\u00e1s grande de Valencia: Hospital Universitario y Polit\u00e9cnico La Fe de Valencia.<\/p>\n<p style=\"text-align: justify;\">La Fe, <strong>el hospital m\u00e1s nuevo y m\u00e1s grande de Valencia, ha elegido el sonido profesional de Lynx Pro Audio para su auditorio principal,<\/strong> as\u00ed como para sus muchas salas individuales.<\/p>\n<p style=\"text-align: justify;\">El auditorio tiene capacidad para 600 personas y hay un total de 16 salas de capacitaci\u00f3n y conferencias<strong>. El LX-F6 se eligi\u00f3 como PA para el auditorio principal<\/strong>\u00a0y se usaron recintos de la serie QB, como el QB-D6 para el front fill y un refuerzo de sonido. Hay 6 <a href=\"\/www\/home?page_id=23604\">LX-F6 instalados a cada lado<\/a>, junto con un subwoofer LX-215S integrado en la pared detr\u00e1s de cada line array para reducir el ruido en el auditorio.<\/p>\n<p style=\"text-align: justify;\">Debido al gran tama\u00f1o de la sala, <strong>cuatro QB-D6 se utilizaron horizontalmente y se instalaron en el escenario<\/strong> para brindar una cobertura precisa a los asientos delanteros. Otros cuatro QB-D6 se usaron debajo del balc\u00f3n trasero para los asientos m\u00e1s alejados y tambi\u00e9n se instalaron en el techo. Para controlar el PA, el front fill y el retardo se utiliz\u00f3 un ARK-7048 que permite el ajuste completo de todos los par\u00e1metros, lo que garantiza la maximizaci\u00f3n de la configuraci\u00f3n completa del sistema.<\/p>\n<p style=\"text-align: justify;\">La instalaci\u00f3n fue<strong> llevada a cabo por la empresa valenciana &#8216;ValenciaVision&#8217;,<\/strong> un integrador de sistemas con m\u00e1s de 20 a\u00f1os de experiencia. Gracias al arduo trabajo de los t\u00e9cnicos Sergio Escribano y Jos\u00e9 Manuel Masegoso, pudieron instalar Lynx Pro Audio de manera f\u00e1cil y efectiva, alcanzando la fecha de lanzamiento estipulada y asegurando que este proyecto fuera un \u00e9xito.<\/p>\n<p><img decoding=\"async\" src=\"https:\/\/www.lynxproaudio.com\/lx-resources\/uploads\/2011\/04\/la-fe-auditorium.jpg\" alt=\"\" \/><\/div>\n<\/div>\n<\/div>\n<div class=\"section\">\n<div class=\"row\">\n<div class=\"column\">\n<p>Productos utilizados<\/p>\n<\/div>\n<\/div>\n<div class=\"row\">\n<div class=\"column\">\n<p style=\"text-align: justify;\">Recinto line array ultra-compacto de 3 vias autoamplificado (Clase D Alimentacio\u0301n conmutada) carga frontal.<\/p>\n<p style=\"text-align: justify;\"><a href=\"\/www\/home?page_id=23604\"><strong>M\u00e1s detalles<\/strong><\/a><\/p>\n<\/div>\n<div class=\"column\">\n<p style=\"text-align: justify;\">Recinto pasivo de dos v\u00edas, de rango completo, alto rendimiento y ultra compacto. Dispone de dos altavoces de 6&#8243; y un motor de compresi\u00f3n de alta frecuencia de 1&#8243;.<\/p>\n<p style=\"text-align: justify;\"><a href=\"\/www\/home?page_id=12568\"><strong>M\u00e1s detalles<\/strong><\/a><\/p>\n<\/div>\n<div class=\"column\">\n<p>Los ARK-70 son lo \u00faltimo en procesadores digitales, nos ofrecen 4 versiones diferentes (anal\u00f3gico o digital y Ethersound opcional*).<\/p>\n<p style=\"text-align: justify;\"><a href=\"\/www\/home?page_id=16526\"><strong>M\u00e1s detalles<\/strong><\/a><\/p>\n<\/div>\n<\/div>\n<\/div>\n<div class=\"section\">\n<div class=\"row\">\n<div class=\"column\">\n<p>M\u00e1s instalaciones<\/p>\n<\/div>\n<\/div>\n<div class=\"row\">\n<div class=\"column\">\n<p style=\"text-align: justify;\"><span>El Museo Mar\u00edtimo Nacional de Se\u00fal es el tercer museo m\u00e1s grande de Corea del Sur. El museo fue inaugurado el 9 de julio (2012) y est\u00e1 ubicado en Dongsam-dong, Yeongdo-gu, Busan. El museo exhibe m\u00e1s de 12.000 reliquias mar\u00edtimas&#8230;<\/span><\/p>\n<p style=\"text-align: justify;\"><span><strong>Leer m\u00e1s<\/strong><\/span><\/p>\n<\/div>\n<div class=\"column\">\n<p style=\"text-align: justify;\"><span>No es solo la tradici\u00f3n estudiantil (desde 1558) lo que hace que los alumnos elijan la\u00a0Universidad Friedrich Schiller Jena,\u00a0sino la gran consideraci\u00f3n con la que se imparten sus cursos, orientados a la pr\u00e1ctica. Estos cursos han topado todos los primeros puestos de&#8230;<\/span><\/p>\n<p style=\"text-align: justify;\"><strong>Leer m\u00e1s<\/strong><\/p>\n<\/div>\n<div class=\"column\">\n<p style=\"text-align: justify;\"><span>Bouet es un restaurante diferente, de 285 metros cuadrados situado en el barrio de Ruzafa de Valencia. Este espacio est\u00e1 dise\u00f1ado y destinado a generar emociones ligadas al placer en todos sus sentidos.\u00a0Est\u00e1 formado por&#8230;<\/span><\/p>\n<p style=\"text-align: justify;\"><span><strong>Leer m\u00e1s<\/strong><\/span><\/p>\n<\/div>\n<\/div>\n<\/div>\n","protected":false},"excerpt":{"rendered":"<p>El line array LX-F6 ha sido el sistema de sonido elegido para el hospital m\u00e1s grande de Valencia: Hospital Universitario y Polit\u00e9cnico La Fe de Valencia. La Fe, el hospital m\u00e1s nuevo y m\u00e1s grande de Valencia, ha elegido el sonido profesional de Lynx Pro Audio para su auditorio principal, as\u00ed como para sus muchas [&hellip;]<\/p>\n","protected":false},"author":6,"featured_media":17499,"comment_status":"open","ping_status":"open","sticky":false,"template":"","format":"standard","meta":{"_acf_changed":false,"footnotes":""},"categories":[130,120,105],"tags":[],"class_list":["post-17953","post","type-post","status-publish","format-standard","has-post-thumbnail","hentry","category-edificios-publicos","category-instalaciones","category-noticias"],"acf":[],"_links":{"self":[{"href":"https:\/\/pre.lynxproaudio.com\/es\/wp-json\/wp\/v2\/posts\/17953","targetHints":{"allow":["GET"]}}],"collection":[{"href":"https:\/\/pre.lynxproaudio.com\/es\/wp-json\/wp\/v2\/posts"}],"about":[{"href":"https:\/\/pre.lynxproaudio.com\/es\/wp-json\/wp\/v2\/types\/post"}],"author":[{"embeddable":true,"href":"https:\/\/pre.lynxproaudio.com\/es\/wp-json\/wp\/v2\/users\/6"}],"replies":[{"embeddable":true,"href":"https:\/\/pre.lynxproaudio.com\/es\/wp-json\/wp\/v2\/comments?post=17953"}],"version-history":[{"count":0,"href":"https:\/\/pre.lynxproaudio.com\/es\/wp-json\/wp\/v2\/posts\/17953\/revisions"}],"wp:featuredmedia":[{"embeddable":true,"href":"https:\/\/pre.lynxproaudio.com\/es\/wp-json\/wp\/v2\/media\/17499"}],"wp:attachment":[{"href":"https:\/\/pre.lynxproaudio.com\/es\/wp-json\/wp\/v2\/media?parent=17953"}],"wp:term":[{"taxonomy":"category","embeddable":true,"href":"https:\/\/pre.lynxproaudio.com\/es\/wp-json\/wp\/v2\/categories?post=17953"},{"taxonomy":"post_tag","embeddable":true,"href":"https:\/\/pre.lynxproaudio.com\/es\/wp-json\/wp\/v2\/tags?post=17953"}],"curies":[{"name":"wp","href":"https:\/\/api.w.org\/{rel}","templated":true}]}}