{"id":17944,"date":"2019-06-11T12:33:36","date_gmt":"2019-06-11T10:33:36","guid":{"rendered":"http:\/\/lynxproaudio.loading.net\/sonido-profesional-fiesta-cerveza-paysandu\/"},"modified":"2019-06-11T12:12:37","modified_gmt":"2019-06-11T10:12:37","slug":"sonido-profesional-fiesta-cerveza-paysandu","status":"publish","type":"post","link":"https:\/\/pre.lynxproaudio.com\/es\/sonido-profesional-fiesta-cerveza-paysandu\/","title":{"rendered":"Sonido profesional en la Fiesta de la Cerveza en Paysand\u00fa"},"content":{"rendered":"<div class=\"section\">\n<div class=\"row\">\n<div class=\"column\"><\/div>\n<div class=\"column\"><\/div>\n<div class=\"column\"><\/div>\n<\/div>\n<div class=\"row\">\n<div class=\"column\">\n<p style=\"text-align: justify;\"><!-- divi:paragraph -->La <strong>Fiesta de la Cerveza<\/strong> se celebra desde 1996 en la ciudad de Paysand\u00fa, Uruguay. Esta fiesta es uno de los eventos\u00a0m\u00e1s multitudinarios del pa\u00eds, se realiza durante la Semana de Turismo (Semana Santa en Uruguay) y es uno de los mayores atractivos de la ciudad de Paysand\u00fa.<\/p>\n<p style=\"text-align: justify;\"><!-- \/divi:paragraph --><\/p>\n<p style=\"text-align: justify;\"><!-- divi:paragraph -->Este a\u00f1o se ha celebrado del 13 al 21 de abril. El evento se celebra en Anfiteatro del R\u00edo Uruguay, un teatro de verano p\u00fablico destinado a espect\u00e1culos sociales y culturales.<\/p>\n<p style=\"text-align: justify;\"><!-- \/divi:paragraph --><\/p>\n<p style=\"text-align: justify;\"><!-- divi:paragraph -->En el entorno del Anfiteatro se instala una feria con 250 stands, plaza de comida, plaza de cerveza y un parque de diversiones. El anfiteatro <strong>tiene una capacidad para 20 mil personas<\/strong> sentadas y gracias a sus propiedades ac\u00fasticas y arquitect\u00f3nicas cada a\u00f1o se renueva como escenario central de la Semana de la Cerveza de Paysand\u00fa.<\/p>\n<p style=\"text-align: justify;\"><!-- \/divi:paragraph --><\/p>\n<p style=\"text-align: justify;\"><!-- divi:paragraph -->Ganz\u00faa Producciones ha sido el encargado de realizar esta instalaci\u00f3n en el Anfiteatro del R\u00edo Uruguay y su equipo t\u00e9cnico ha decidido contar con los sistemas de sonido profesional de Lynx Pro Audio como soporte principal para el PA y side fill. <strong>Se han empleado<a href=\"\/www\/home?page_id=22474\"> un total de 48 line arrays LX-V12<\/a><\/strong> <strong>y 10 subgraves LX-318C.<\/strong><\/p>\n<p style=\"text-align: justify;\"><!-- \/divi:paragraph --><\/p>\n<p style=\"text-align: justify;\"><!-- divi:paragraph -->En el main field (PA) se han empleado <strong>24 LX-V12 volados,<\/strong> divididos en 12 LX-V12 colocados a la derecha y a la izquierda del escenario, en perpendicular, para cubrir la mayor parte de la audiencia. Adem\u00e1s, tambi\u00e9n se han volado 10 subgraves LX-318C a cada lado del escenario para cubrir las bajas frecuencias.<\/p>\n<p style=\"text-align: justify;\"><!-- \/divi:paragraph --><\/p>\n<p style=\"text-align: justify;\"><!-- divi:paragraph -->En el side fill se han colocado otros 24 line arrays, divididos en 12 LX-V12 a cada lado mirando hacia fuera para reforzar el sonido del PA.<\/p>\n<p style=\"text-align: justify;\"><!-- \/divi:paragraph --><\/p>\n<\/div>\n<\/div>\n<div class=\"row\">\n<div class=\"column\"><img decoding=\"async\" src=\"https:\/\/www.lynxproaudio.com\/lx-resources\/uploads\/2019\/06\/Lynx-pro-audio-fiesta-cerveza-uruguay-09.jpg\" alt=\"\" \/><\/div>\n<\/div>\n<div class=\"row\">\n<div class=\"column\">\n<p style=\"text-align: justify;\"><!-- \/divi:paragraph --><\/p>\n<p style=\"text-align: justify;\"><!-- divi:paragraph -->La serie LX ofrece una gama de\u00a0<strong>sistemas line array vers\u00e1tiles<\/strong>\u00a0concebidos para su utilizaci\u00f3n en gran variedad de aplicaciones, desde peque\u00f1os teatros hasta grandes eventos. La serie LX ha sido dise\u00f1ada para alcanzar altos niveles de SPL con gran claridad de sonido pudiendo montarse en un tiempo record.<\/p>\n<p style=\"text-align: justify;\"><!-- \/divi:paragraph --><\/p>\n<p style=\"text-align: justify;\"><!-- divi:paragraph -->LX-V12 es un<strong>\u00a0line array auto-amplificado de 3 v\u00edas con muy alta potencia.<\/strong>\u00a0Este sistema de sonido profesional dispone de una\u00a0<strong>selecci\u00f3n de accesorios y piezas de rigging que facilitan el uso y la instalaci\u00f3n de la caja<\/strong>. El soporte de volado SV-LXV12 permite sujetar hasta 16 recintos con diferentes \u00e1ngulos de inclinaci\u00f3n, con incrementos de 0,5\u00ba de 0 a 3\u00ba y con incrementos de 1\u00ba entre los 3 y 12\u00ba<\/p>\n<p style=\"text-align: justify;\"><!-- \/divi:paragraph --><\/p>\n<p style=\"text-align: justify;\"><!-- divi:paragraph -->Para las bajas frecuencias se recomienda usarlo junto al subgrave cardioide LX-318C, <strong>ya que este recinto no es <a href=\"\/www\/home?page_id=22476\">un subgrave cardioide convencional sino que ha sido dise\u00f1ado para ofrecer soluciones \u201c2 en 1\u201d<\/a><\/strong>. Gracias al sistema DSP de Lynx Pro Audio, el usuario puede elegir entre cobertura omnidireccional o cobertura cardioide, activando el altavoz trasero y seleccionando la frecuencia que m\u00e1s se desea cancelar en la parte trasera.<strong>\u00a0De esta manera se incrementa la presi\u00f3n frontal y la directividad, asegurando que hacia atr\u00e1s el sonido no interfiera con el escenario.<\/strong><\/p>\n<p style=\"text-align: justify;\"><!-- \/divi:paragraph --><\/p>\n<p style=\"text-align: justify;\"><!-- divi:paragraph -->La <a href=\"https:\/\/www.facebook.com\/semanadelacerveza\/\" target=\"_blank\" rel=\"noopener noreferrer\">Semana de la Cerveza<\/a> es un evento para todos los p\u00fablicos que cuenta con un amplio programa y una gran variedad de g\u00e9neros musicales: rock, cumbia, hiphop, folklore, etc. En \u00e9l han actuado diversos artistas como Juan Manuel Serrat, La Bersuit, Cristian Castro, Chayanne, Los Nocheros, Marcela Morelo, Luciano <a href=\"\/www\/home?page_id=22476\">Pereyra,<\/a> Terra Samba, Diego Torres, Los Fabulosos Cadillacs, Jos\u00e9 Luis Rodr\u00edguez, Valeria Lynch, Mariano Mores, Teresa Parodi, Piero, Mar\u00eda Martha Serra Lima, Mar\u00eda Creuza, Jos\u00e9 V\u00e9lez, Sergio Denis, Soledad, No Te Va Gustar y La Vela Puerca entre otros.<\/p>\n<p style=\"text-align: justify;\"><!-- \/divi:paragraph --><\/p>\n<p style=\"text-align: justify;\"><!-- divi:paragraph -->Fot\u00f3grafo: Dami\u00e1n Cejas Delgue<br \/> <!-- \/divi:paragraph --><\/p>\n<\/div>\n<\/div>\n<\/div>\n<div class=\"section\">\n<div class=\"row\">\n<div class=\"column\">\n<p>Productos utilizados<\/p>\n<\/div>\n<\/div>\n<div class=\"row\">\n<div class=\"column\">\n<p>Recinto line array de 3 v\u00edas con muy alta potencia. Auto-amplificado Clase D con PFC (Power Factor Correction).<\/p>\n<p style=\"text-align: justify;\"><a href=\"\/www\/home?page_id=22474\"><strong>M\u00e1s detalles<\/strong><\/a><\/p>\n<\/div>\n<div class=\"column\">\n<p style=\"text-align: justify;\">Subgrave cardioide de muy alta potencia, auto-amplificado (Clase D alimentacio\u0301n conmutada).<\/p>\n<p style=\"text-align: justify;\"><a href=\"\/www\/home?page_id=22476\"><strong>M\u00e1s detalles<\/strong><\/a><\/p>\n<\/div>\n<\/div>\n<\/div>\n<div class=\"section\">\n<div class=\"row\">\n<div class=\"column\">\n<p>M\u00e1s instalaciones<\/p>\n<\/div>\n<\/div>\n<div class=\"row\">\n<div class=\"column\">\n<p style=\"text-align: justify;\"><span>El famoso cantante malague\u00f1o Pablo Albor\u00e1n actu\u00f3 el pasado 17 de abril en Montevideo, Uruguay. El concierto tuvo lugar en el Teatro de Verano \u00abRam\u00f3n Collazo\u00bb, uno de los centros de espect\u00e1culos m\u00e1s importantes de la ciudad&#8230;<\/span><\/p>\n<p style=\"text-align: justify;\"><strong>Leer m\u00e1s<\/strong><\/p>\n<\/div>\n<div class=\"column\">\n<p style=\"text-align: justify;\"><span>El Festival Strandfieber es un gran festival de electro celebrado en Goldenstedt (Alemania) organizado por Multimedia M&amp;E GmbH. Para la edici\u00f3n del verano de 2017, se montaron tres escenarios utilizando los sistemas line array profesionales de Lynx Pro Audio&#8230;<\/span><\/p>\n<p style=\"text-align: justify;\"><strong>Leer m\u00e1s<\/strong><\/p>\n<\/div>\n<div class=\"column\">\n<p style=\"text-align: justify;\"><span>El pasado 14 de octubre, la famosa banda Sheila el 7 se present\u00f3 en la Feria Jatim 2018 en Surabaya, Indonesia. El escenario principal estaba equipado con los sistemas de sonido profesionales de Lynx Pro Audio proporcionados&#8230;<\/span><\/p>\n<p style=\"text-align: justify;\"><b>Leer m\u00e1s<\/b><\/p>\n<\/div>\n<\/div>\n<\/div>\n","protected":false},"excerpt":{"rendered":"<p>La Fiesta de la Cerveza se celebra desde 1996 en la ciudad de Paysand\u00fa, Uruguay. Esta fiesta es uno de los eventos\u00a0m\u00e1s multitudinarios del pa\u00eds, se realiza durante la Semana de Turismo (Semana Santa en Uruguay) y es uno de los mayores atractivos de la ciudad de Paysand\u00fa. Este a\u00f1o se ha celebrado del 13 [&hellip;]<\/p>\n","protected":false},"author":6,"featured_media":17673,"comment_status":"open","ping_status":"open","sticky":false,"template":"","format":"standard","meta":{"_acf_changed":false,"footnotes":""},"categories":[120,131,170],"tags":[212],"class_list":["post-17944","post","type-post","status-publish","format-standard","has-post-thumbnail","hentry","category-instalaciones","category-nuestros-clientes","category-touring-y-conciertos","tag-serie-lx"],"acf":[],"_links":{"self":[{"href":"https:\/\/pre.lynxproaudio.com\/es\/wp-json\/wp\/v2\/posts\/17944","targetHints":{"allow":["GET"]}}],"collection":[{"href":"https:\/\/pre.lynxproaudio.com\/es\/wp-json\/wp\/v2\/posts"}],"about":[{"href":"https:\/\/pre.lynxproaudio.com\/es\/wp-json\/wp\/v2\/types\/post"}],"author":[{"embeddable":true,"href":"https:\/\/pre.lynxproaudio.com\/es\/wp-json\/wp\/v2\/users\/6"}],"replies":[{"embeddable":true,"href":"https:\/\/pre.lynxproaudio.com\/es\/wp-json\/wp\/v2\/comments?post=17944"}],"version-history":[{"count":0,"href":"https:\/\/pre.lynxproaudio.com\/es\/wp-json\/wp\/v2\/posts\/17944\/revisions"}],"wp:featuredmedia":[{"embeddable":true,"href":"https:\/\/pre.lynxproaudio.com\/es\/wp-json\/wp\/v2\/media\/17673"}],"wp:attachment":[{"href":"https:\/\/pre.lynxproaudio.com\/es\/wp-json\/wp\/v2\/media?parent=17944"}],"wp:term":[{"taxonomy":"category","embeddable":true,"href":"https:\/\/pre.lynxproaudio.com\/es\/wp-json\/wp\/v2\/categories?post=17944"},{"taxonomy":"post_tag","embeddable":true,"href":"https:\/\/pre.lynxproaudio.com\/es\/wp-json\/wp\/v2\/tags?post=17944"}],"curies":[{"name":"wp","href":"https:\/\/api.w.org\/{rel}","templated":true}]}}