{"id":17934,"date":"2018-12-11T09:46:58","date_gmt":"2018-12-11T08:46:58","guid":{"rendered":"http:\/\/lynxproaudio.loading.net\/gutenberg-espectaculo-360-grados-montevideo\/"},"modified":"2026-02-24T16:00:55","modified_gmt":"2026-02-24T15:00:55","slug":"gutenberg-espectaculo-360-grados-montevideo","status":"publish","type":"post","link":"https:\/\/pre.lynxproaudio.com\/es\/gutenberg-espectaculo-360-grados-montevideo\/","title":{"rendered":"Gutenberg: un espect\u00e1culo de 360 grados en Montevideo"},"content":{"rendered":"<div class=\"section\">\n<div class=\"row\">\n<div class=\"column\"><img decoding=\"async\" src=\"https:\/\/www.lynxproaudio.com\/lx-resources\/uploads\/2018\/12\/Gutenberg-1.jpg\" alt=\"\" \/><\/div>\n<div class=\"column\"><img decoding=\"async\" src=\"https:\/\/www.lynxproaudio.com\/lx-resources\/uploads\/2018\/12\/gutenberg-2.jpg\" alt=\"\" \/><\/div>\n<\/div>\n<div class=\"row\">\n<div class=\"column\"><img decoding=\"async\" src=\"https:\/\/www.lynxproaudio.com\/lx-resources\/uploads\/2018\/12\/gutenberg-5.jpeg\" alt=\"\" \/><\/div>\n<div class=\"column\"><img decoding=\"async\" src=\"https:\/\/www.lynxproaudio.com\/lx-resources\/uploads\/2018\/12\/gutenberg-6.jpeg\" alt=\"\" \/><\/div>\n<\/div>\n<div class=\"row\">\n<div class=\"column\"><img decoding=\"async\" src=\"https:\/\/www.lynxproaudio.com\/lx-resources\/uploads\/2018\/12\/gutenberg-10.jpeg\" alt=\"\" \/><\/div>\n<div class=\"column\"><img decoding=\"async\" src=\"https:\/\/www.lynxproaudio.com\/lx-resources\/uploads\/2018\/12\/gutenberg-8.jpeg\" alt=\"\" \/><\/div>\n<\/div>\n<div class=\"row\">\n<div class=\"column\"><img decoding=\"async\" src=\"https:\/\/www.lynxproaudio.com\/lx-resources\/uploads\/2018\/12\/gutenberg-9.jpeg\" alt=\"\" \/><\/div>\n<div class=\"column\"><img decoding=\"async\" src=\"https:\/\/www.lynxproaudio.com\/lx-resources\/uploads\/2018\/12\/gutenberg-4.jpeg\" alt=\"\" \/><\/div>\n<\/div>\n<\/div>\n<div class=\"section\">\n<div class=\"row\">\n<div class=\"column\">\n<p style=\"text-align: justify;\">El pasado 24 de noviembre se estren\u00f3 &#8216;Gutenberg&#8217; en el Antel Arena de Montevideo (Uruguay), un show de 360 grados y el m\u00e1s ambicioso de la temporada, que celebra los 100 a\u00f1os del peri\u00f3dico \u00abEl Pa\u00eds\u00bb.\u00a0<strong>Gutenberg es un show que hace un viaje desde el uso de la imprenta hasta la era digital<\/strong> y su inventor es el hilo conductor alrededor del que sucede toda la acci\u00f3n.<\/p>\n<p style=\"text-align: justify;\">El montaje ha contado con un gobelino circular de grandes dimensiones que har\u00e1 a la vez de pantalla para trasladar al espectador desde el 1400 hasta la actualidad.<\/p>\n<p style=\"text-align: justify;\">El show tambi\u00e9n cuenta con escenarios laterales, gigantes, acobracias, mapping, show musical en directo, danza cl\u00e1sica y contempor\u00e1nea&#8230; <strong>Todos estos elementos se fusionan para crear un espect\u00e1culo de 360 grados<\/strong> que cuenta el inicio de una nueva era en la historia del hombre gracias a la invenci\u00f3n de la imprenta, un hecho que cambi\u00f3 el mundo irremediablemente.<\/p>\n<p style=\"text-align: justify;\">Ganz\u00faa Producciones ha sido la encargada de proveer el audio del que puede considerarse el evento del a\u00f1o en Uruguay. Para equipar todo el estadio y asegurarse de que la ac\u00fastica fuese perfecta en todos los rincones del estadio <strong>se han utilizado potentes line arrays de Lynx Pro Audio, concretamente de la serie LX: LX-V12, LX-V8, LX-218S y LX-318C.<\/strong><\/p>\n<p style=\"text-align: justify;\">El recinto <a href=\"\/www\/home?page_id=332\">LX-V12<\/a> es un line array de\u00a03 v\u00edas con muy alta potencia. Auto-amplificado clase D con PFC (Power Factor Correction). Cuenta con dos altavoces LF 12\u2032\u2032 de neodimio con doble anillo demodulador, (bobina de 4\u2032\u2032 tipo sandwich intercalado), cuatro altavoces MF 6,5\u2032\u2032 con conos de fibra de vidrio y bobina ultra- ligera. Adem\u00e1s tiene dos motores HF de 1,4\u201d con ima\u0301n de neodimio, diafragma de titanio y gu\u00eda de ondas individual de alta precisio\u0301n. 4000 W de amplificacio\u0301n controlados por DSP (tecnologi\u0301a FIR), 143dB SPL e inclino\u0301metro digital integrado.<\/p>\n<p style=\"text-align: justify;\">En cuanto al recinto <a href=\"\/www\/home?page_id=12386\">LX-V8<\/a> podemos decir que es un line array compacto de 2 vias autoamplificado (clase D alimentacio\u0301n conmutada) con carga frontal Configuracio\u0301n-V. Cuenta con dos altavoces 8\u2032\u2032 con grupo magne\u0301tico de neodimio y conos de nomex. Dos motores de 1\u201d con imanes de neodimio, diafragma de titanio y gu\u00eda de ondas individual. 1500 W de amplificacio\u0301n controlados por DSP (tecnologi\u0301a FIR), 134dB SPL e inclino\u0301metro digital integrado.<\/p>\n<p style=\"text-align: justify;\">Por otra parte, <strong>tanto el LX-218S como el LX-318C son los subgraves de la serie.<\/strong> El <a href=\"\/www\/home?page_id=12432\">LX-218S<\/a> es un subgrave autoamplificado de alta potencia (clase D alimentacio\u0301n conmutada). Cargado frontalmente con dos altavoces LF 18\u201d (bobina 4\u2032\u2032) y grupo magne\u0301tico de neodimio. Por su parte, el <a href=\"\/www\/home?page_id=12434\">LX-318C<\/a> es un subgrave cardioide de alta potencia, auto-amplificado (clase D alimentacio\u0301n conmutada). Tiene tres altavoces LF 18\u2032\u2032 (bobina 5\u2032\u2032) con tecnologi\u0301a DDS (Double Silicon Spider), grupo magne\u0301tico de neodimio y conos reforzados con fibra de carbono. (2 altavoces frontales + 1 trasero).<\/p>\n<\/div>\n<\/div>\n<div class=\"row\">\n<div class=\"column\"><\/div>\n<\/div>\n<\/div>\n<div class=\"section\">\n<div class=\"row\">\n<div class=\"column\">\n<p>Productos utilizados<\/p>\n<\/div>\n<\/div>\n<div class=\"row\">\n<div class=\"column\">\n<p>Recinto line array de 3 v\u00edas con muy alta potencia. Auto-amplificado Clase D con PFC (Power Factor Correction).<\/p>\n<p style=\"text-align: justify;\"><a href=\"\/www\/home?page_id=22474\"><strong>M\u00e1s detalles<\/strong><\/a><\/p>\n<\/div>\n<div class=\"column\">\n<p style=\"text-align: justify;\">Recinto line array compacto de 2 vias autoamplificado (Clase D alimentacio\u0301n conmutada) Carga frontal Configuracio\u0301n-V.<\/p>\n<p style=\"text-align: justify;\"><a href=\"\/www\/home?page_id=23583\"><strong>M\u00e1s detalles<\/strong><\/a><\/p>\n<\/div>\n<div class=\"column\">\n<p style=\"text-align: justify;\">Subgrave cardioide de muy alta potencia, auto-amplificado (Clase D alimentacio\u0301n conmutada).<\/p>\n<p style=\"text-align: justify;\"><a href=\"\/www\/home?page_id=22476\"><strong>M\u00e1s detalles<\/strong><\/a><\/p>\n<\/div>\n<div class=\"column\">\n<p style=\"text-align: justify;\">Subgrave autoamplificado de alta potencia (Clase D alimentacio\u0301n conmutada). Dos altavoces LF 18\u201d (bobina 4\u2032\u2032) y grupo magne\u0301tico de neodimio.<\/p>\n<p><a href=\"\/www\/home?page_id=23651\"><strong>M\u00e1s detalles<\/strong><\/a><\/p>\n<\/div>\n<\/div>\n<\/div>\n<div class=\"section\">\n<div class=\"row\">\n<div class=\"column\">\n<p>M\u00e1s instalaciones<\/p>\n<\/div>\n<\/div>\n<div class=\"row\">\n<div class=\"column\">\n<p style=\"text-align: justify;\"><span>El famoso cantante malague\u00f1o Pablo Albor\u00e1n actu\u00f3 el pasado 17 de abril en Montevideo, Uruguay. El concierto tuvo lugar en el Teatro de Verano \u00abRam\u00f3n Collazo\u00bb, uno de los centros de espect\u00e1culos m\u00e1s importantes de la ciudad&#8230;<\/span><\/p>\n<p style=\"text-align: justify;\"><strong>Leer m\u00e1s<\/strong><\/p>\n<\/div>\n<div class=\"column\">\n<p style=\"text-align: justify;\"><span>Seo-gu Healing Art Festival se celebra durante tres d\u00edas de mayo en Daejeon, Corea del Sur. Tiene un gran escenario para todos los espect\u00e1culos que tienen lugar durante el festival. Mucha gente asiste a este evento\u00a0por lo que se necesita un sonido potente&#8230;.<\/span><\/p>\n<p style=\"text-align: justify;\"><strong>Leer m\u00e1s<\/strong><\/p>\n<\/div>\n<div class=\"column\">\n<p style=\"text-align: justify;\"><span>Mejorar el sonido para el espect\u00e1culo de los delfines:\u00a0este era el objetivo del Parque Oceanogr\u00e1fico de Valencia. Ahora utilizan un sistema de columnas Lynx Pro Audio de la serie Ionic y el p\u00fablico asistente puede disfrutar de\u00a0un gran espect\u00e1culo&#8230;<\/span><\/p>\n<p style=\"text-align: justify;\"><strong>Leer m\u00e1s<\/strong><\/p>\n<\/div>\n<\/div>\n<\/div>\n","protected":false},"excerpt":{"rendered":"<p>El pasado 24 de noviembre se estren\u00f3 &#8216;Gutenberg&#8217; en el Antel Arena de Montevideo (Uruguay), un show de 360 grados y el m\u00e1s ambicioso de la temporada, que celebra los 100 a\u00f1os del peri\u00f3dico \u00abEl Pa\u00eds\u00bb.\u00a0Gutenberg es un show que hace un viaje desde el uso de la imprenta hasta la era digital y su [&hellip;]<\/p>\n","protected":false},"author":6,"featured_media":17657,"comment_status":"open","ping_status":"open","sticky":false,"template":"","format":"standard","meta":{"_acf_changed":false,"footnotes":""},"categories":[210,120,105],"tags":[212],"class_list":["post-17934","post","type-post","status-publish","format-standard","has-post-thumbnail","hentry","category-eventos-corporativos","category-instalaciones","category-noticias","tag-serie-lx"],"acf":[],"_links":{"self":[{"href":"https:\/\/pre.lynxproaudio.com\/es\/wp-json\/wp\/v2\/posts\/17934","targetHints":{"allow":["GET"]}}],"collection":[{"href":"https:\/\/pre.lynxproaudio.com\/es\/wp-json\/wp\/v2\/posts"}],"about":[{"href":"https:\/\/pre.lynxproaudio.com\/es\/wp-json\/wp\/v2\/types\/post"}],"author":[{"embeddable":true,"href":"https:\/\/pre.lynxproaudio.com\/es\/wp-json\/wp\/v2\/users\/6"}],"replies":[{"embeddable":true,"href":"https:\/\/pre.lynxproaudio.com\/es\/wp-json\/wp\/v2\/comments?post=17934"}],"version-history":[{"count":0,"href":"https:\/\/pre.lynxproaudio.com\/es\/wp-json\/wp\/v2\/posts\/17934\/revisions"}],"wp:featuredmedia":[{"embeddable":true,"href":"https:\/\/pre.lynxproaudio.com\/es\/wp-json\/wp\/v2\/media\/17657"}],"wp:attachment":[{"href":"https:\/\/pre.lynxproaudio.com\/es\/wp-json\/wp\/v2\/media?parent=17934"}],"wp:term":[{"taxonomy":"category","embeddable":true,"href":"https:\/\/pre.lynxproaudio.com\/es\/wp-json\/wp\/v2\/categories?post=17934"},{"taxonomy":"post_tag","embeddable":true,"href":"https:\/\/pre.lynxproaudio.com\/es\/wp-json\/wp\/v2\/tags?post=17934"}],"curies":[{"name":"wp","href":"https:\/\/api.w.org\/{rel}","templated":true}]}}