{"id":17932,"date":"2019-05-31T16:54:14","date_gmt":"2019-05-31T14:54:14","guid":{"rendered":"http:\/\/lynxproaudio.loading.net\/sonido-profesional-iglesia-sevilla\/"},"modified":"2019-05-31T16:54:11","modified_gmt":"2019-05-31T14:54:11","slug":"sonido-profesional-iglesia-sevilla","status":"publish","type":"post","link":"https:\/\/pre.lynxproaudio.com\/es\/sonido-profesional-iglesia-sevilla\/","title":{"rendered":"El sonido de Lynx Pro Audio en la Iglesia de San Jacinto de Sevilla"},"content":{"rendered":"<div class=\"section\">\n<div class=\"row\">\n<div class=\"column\"><img decoding=\"async\" src=\"https:\/\/www.lynxproaudio.com\/lx-resources\/uploads\/2019\/06\/san-jacinto-lynx-pro-pro-sound-church.jpg\" alt=\"\" \/><img decoding=\"async\" src=\"http:\/\/www.lynxproaudio.com\/lx-resources\/uploads\/2019\/06\/San-Jacinto-Lynx-Pro-Audio-ionic100.jpg\" alt=\"\" \/><\/div>\n<div class=\"column\"><img decoding=\"async\" src=\"https:\/\/www.lynxproaudio.com\/lx-resources\/uploads\/2019\/06\/san-jacinto-seville-lynx-pro-audio-church-sound.jpg\" alt=\"\" \/><img decoding=\"async\" src=\"https:\/\/www.lynxproaudio.com\/lx-resources\/uploads\/2019\/06\/San-Jacinto-Lynx-Pro-Audio-ionic100-soundsystem.jpg\" alt=\"\" \/><\/div>\n<\/div>\n<div class=\"row\">\n<div class=\"column\">\n<p style=\"text-align: justify;\">La\u00a0<b>iglesia de San Jacinto<\/b> de Sevilla (Andaluc\u00eda, Espa\u00f1a) es el templo de un convento dominico fundado en el siglo XVII. Se encuentra en la esquina de las calles San Jacinto y Pag\u00e9s del Corro, en el famoso barrio de Triana. Audiovisuales Morato ha sido el encargado de instalar los sistemas de sonido profesional de Lynx Pro Audio en este lugar de culto.<\/p>\n<p style=\"text-align: justify;\">En el mundo del sonido profesional las iglesias suelen suponer un reto dado que necesitan un sonido limpio, evitando la reverberaci\u00f3n. En este caso se han utilizado <a href=\"\/www\/home?page_id=23047\"><strong>4 altavoces de columna Ionic 100 en color blanco<\/strong><\/a>, para que no rompa la armon\u00eda visual de la capilla y garantizar la cobertura.<\/p>\n<p style=\"text-align: justify;\">Adem\u00e1s, a lo largo de todo el santuario se han instalado 12 peque\u00f1os <a href=\"\/www\/home?page_id=23136\"><strong>altavoces 5CX en blanco, discretos pero potentes.<\/strong><\/a> Este recinto pasivo ultra compacto con altavoz coaxial est\u00e1 especialmente dise\u00f1ado para configurar sistemas full range ligeros.<\/p>\n<p style=\"text-align: justify;\">Como los sistemas de la serie Ionic son tan f\u00e1ciles de usar y tienen una gama completa de accesorios que<strong> permiten facilitar su instalaci\u00f3n en cualquier tipo de proyecto<\/strong>, son ideales para instalaciones en lugares de culto. Adem\u00e1s, al ser columnas y cajas m\u00e1s peque\u00f1as como la 5CX, pasan desapercibidas y se integran con el dise\u00f1o del lugar.<\/p>\n<p style=\"text-align: justify;\"><strong><em>Datos hist\u00f3ricos:<\/em><\/strong><\/p>\n<p style=\"text-align: justify;\">Esta iglesia se resisti\u00f3 a su construcci\u00f3n. Los dominicos construyeron esta iglesia en el siglo XVII, se desplom\u00f3 en mayo de 1730 y tuvieron que reconstruir una nueva. En 1740 empezaron la construcci\u00f3n de la nueva iglesia, pero dos a\u00f1os m\u00e1s tarde una de las b\u00f3vedas se vino abajo pero las obras siguieron adelante y finalmente en 1774 terminaron la construcci\u00f3n. La inauguraci\u00f3n tuvo lugar el 29 de enero de 1775.<\/p>\n<p style=\"text-align: justify;\">Sin embargo, en 1810 con la invasi\u00f3n francesa el convento fue utilizado como establo y los frailes no pudieron regresar hasta tres a\u00f1os despu\u00e9s. Entre 1868 y 1869 el convento pas\u00f3 a ser propiedad municipal y se instalaron oficinas y una escuela de primaria, para lo que se derribaron algunas dependencias del convento. Los dominicos regresaron en 1906 y construyeron un nuevo convento junto al templo y finalmente en 1966 otorgaron a la iglesia el rango de parroquia.<\/p>\n<p><span style=\"font-size: x-small;\">Algunas de las im\u00e1genes pertenecen a\u00a0<a href=\"https:\/\/www.flickr.com\/photos\/eltb\/8501792332\/in\/photostream\/\" target=\"_blank\" rel=\"noopener\">Susannecarolin<\/a><\/span><\/p>\n<\/div>\n<\/div>\n<\/div>\n<div class=\"section\">\n<div class=\"row\">\n<div class=\"column\">\n<p>Productos utilizados<\/p>\n<\/div>\n<\/div>\n<div class=\"row\">\n<div class=\"column\">\n<p>Columna pasiva compacta con 12 altavoces 3\u201d con neodimio (bobina 0.75\u201d) cobertura vertical 15\u00ba + -5\u00ba 121dB SPL<\/p>\n<p style=\"text-align: justify;\"><a href=\"\/www\/home?page_id=23047\"><strong>M\u00e1s detalles<\/strong><\/a><\/p>\n<\/div>\n<div class=\"column\">\n<p style=\"text-align: justify;\">Port\u00e1til, compacto y vers\u00e1til. F\u00e1cil de utilizar y de instalar. Altavoz coaxial de 5 \u201cque ofrece una cobertura de dispersi\u00f3n c\u00f3nica de 70\u00b0 y 117dB SPL.<\/p>\n<p style=\"text-align: justify;\"><a href=\"\/www\/home?page_id=23136\"><strong>M\u00e1s detalles<\/strong><\/a><\/p>\n<\/div>\n<\/div>\n<\/div>\n<div class=\"section\">\n<div class=\"row\">\n<div class=\"column\">\n<p>M\u00e1s instalaciones<\/p>\n<\/div>\n<\/div>\n<div class=\"row\">\n<div class=\"column\">\n<p style=\"text-align: justify;\"><span>El Museo Mar\u00edtimo Nacional de Se\u00fal es el tercer museo m\u00e1s grande de Corea del Sur. El museo fue inaugurado el 9 de julio (2012) y est\u00e1 ubicado en Dongsam-dong, Yeongdo-gu, Busan. El museo exhibe m\u00e1s de 12.000 reliquias mar\u00edtimas&#8230;<\/span><\/p>\n<p style=\"text-align: justify;\"><a href=\"\/www\/home?p=32167\"><span><strong>Leer m\u00e1s<\/strong><\/span><\/a><\/p>\n<\/div>\n<div class=\"column\">\n<p style=\"text-align: justify;\"><span>No es solo la tradici\u00f3n estudiantil (desde 1558) lo que hace que los alumnos elijan la\u00a0Universidad Friedrich Schiller Jena,\u00a0sino la gran consideraci\u00f3n con la que se imparten sus cursos, orientados a la pr\u00e1ctica. Estos cursos han topado todos los primeros puestos de&#8230;<\/span><\/p>\n<p style=\"text-align: justify;\"><a href=\"\/www\/home?p=32220\"><strong>Leer m\u00e1s<\/strong><\/a><\/p>\n<\/div>\n<div class=\"column\">\n<p style=\"text-align: justify;\"><span>El line array LX-F6 ha sido el sistema de sonido elegido para el hospital m\u00e1s grande de Valencia: Hospital Universitario y Polit\u00e9cnico La Fe de Valencia. La Fe, el hospital m\u00e1s nuevo y m\u00e1s grande de Valencia, ha elegido el sonido profesional de Lynx Pro Audio para su..<\/span><\/p>\n<p style=\"text-align: justify;\"><a href=\"\/www\/home?p=32196\"><span><strong>Leer m\u00e1s<\/strong><\/span><\/a><\/p>\n<\/div>\n<\/div>\n<\/div>\n","protected":false},"excerpt":{"rendered":"<p>La\u00a0iglesia de San Jacinto de Sevilla (Andaluc\u00eda, Espa\u00f1a) es el templo de un convento dominico fundado en el siglo XVII. Se encuentra en la esquina de las calles San Jacinto y Pag\u00e9s del Corro, en el famoso barrio de Triana. Audiovisuales Morato ha sido el encargado de instalar los sistemas de sonido profesional de Lynx [&hellip;]<\/p>\n","protected":false},"author":6,"featured_media":17671,"comment_status":"open","ping_status":"open","sticky":false,"template":"","format":"standard","meta":{"_acf_changed":false,"footnotes":""},"categories":[120,94,105],"tags":[189],"class_list":["post-17932","post","type-post","status-publish","format-standard","has-post-thumbnail","hentry","category-instalaciones","category-lugares-de-culto","category-noticias","tag-serie-ionic"],"acf":[],"_links":{"self":[{"href":"https:\/\/pre.lynxproaudio.com\/es\/wp-json\/wp\/v2\/posts\/17932","targetHints":{"allow":["GET"]}}],"collection":[{"href":"https:\/\/pre.lynxproaudio.com\/es\/wp-json\/wp\/v2\/posts"}],"about":[{"href":"https:\/\/pre.lynxproaudio.com\/es\/wp-json\/wp\/v2\/types\/post"}],"author":[{"embeddable":true,"href":"https:\/\/pre.lynxproaudio.com\/es\/wp-json\/wp\/v2\/users\/6"}],"replies":[{"embeddable":true,"href":"https:\/\/pre.lynxproaudio.com\/es\/wp-json\/wp\/v2\/comments?post=17932"}],"version-history":[{"count":0,"href":"https:\/\/pre.lynxproaudio.com\/es\/wp-json\/wp\/v2\/posts\/17932\/revisions"}],"wp:featuredmedia":[{"embeddable":true,"href":"https:\/\/pre.lynxproaudio.com\/es\/wp-json\/wp\/v2\/media\/17671"}],"wp:attachment":[{"href":"https:\/\/pre.lynxproaudio.com\/es\/wp-json\/wp\/v2\/media?parent=17932"}],"wp:term":[{"taxonomy":"category","embeddable":true,"href":"https:\/\/pre.lynxproaudio.com\/es\/wp-json\/wp\/v2\/categories?post=17932"},{"taxonomy":"post_tag","embeddable":true,"href":"https:\/\/pre.lynxproaudio.com\/es\/wp-json\/wp\/v2\/tags?post=17932"}],"curies":[{"name":"wp","href":"https:\/\/api.w.org\/{rel}","templated":true}]}}