{"id":17926,"date":"2018-05-28T14:17:01","date_gmt":"2018-05-28T12:17:01","guid":{"rendered":"http:\/\/lynxproaudio.loading.net\/pablo-alboran-montevideo-prometo-2\/"},"modified":"2018-05-28T14:16:43","modified_gmt":"2018-05-28T12:16:43","slug":"pablo-alboran-montevideo-prometo-2","status":"publish","type":"post","link":"https:\/\/pre.lynxproaudio.com\/es\/pablo-alboran-montevideo-prometo-2\/","title":{"rendered":"Pablo Albor\u00e1n en el tour \u00abPrometo 2018\u00bb en Montevideo"},"content":{"rendered":"<div class=\"section\">\n<div class=\"row\">\n<div class=\"column\"><\/div>\n<div class=\"column\"><\/div>\n<div class=\"column\"><\/div>\n<\/div>\n<div class=\"row\">\n<div class=\"column\">\n<p>El famoso cantante malague\u00f1o Pablo Albor\u00e1n actu\u00f3 el pasado 17 de abril en Montevideo, Uruguay. El concierto tuvo lugar en el <a href=\"http:\/\/www.teatrodeverano.org.uy\/\" target=\"_blank\" rel=\"noopener\">Teatro de Verano \u00abRam\u00f3n Collazo<\/a>\u00ab, uno de los centros de espect\u00e1culos m\u00e1s importantes de la ciudad, tanto por su ubicaci\u00f3n como por su arquitectura caracter\u00edstica.<\/p>\n<p>Montevideo fue una de las paradas del <strong>\u00abTour Prometo 2018\u00bb de Pablo Albor\u00e1n<\/strong>, una gira que le ha llevado a actuar desde febrero por varios pa\u00edses de Latinoam\u00e9rica y, a partir de junio, por Espa\u00f1a. Esta gira ha sido una de las m\u00e1s esperadas del panorama musical, ya que el artista cuenta con una gran cantidad de seguidores en sendos pa\u00edses y es reconocido en la escena internacional de habla hispana.\u00a0<\/p>\n<p>Lynx Pro Audio estuvo presente <a href=\"http:\/\/cpmu.uy\/novedades\/\" target=\"_blank\" rel=\"noopener\"><strong>gracias al equipo t\u00e9cnico de G\u00e1nzua CPMU<\/strong><\/a>, que fueron los encargados de montar los diferentes sistemas que se utilizaron para sonorizar el escenario. Concretamente, Juan Lujambio ha sido el ingeniero encargado de hacer el ajuste y proyecto de los sistemas, organiz\u00e1ndolo de esta manera:<\/p>\n<ul>\n<li>El<strong> sistema principal contaba con un line array de 24 <a href=\"\/www\/home?page_id=332\">recintos LX-V12<\/a><\/strong>, colocando 12 a cada lado del escenario; 12 <a href=\"\/www\/home?page_id=12434\">LX-318C<\/a> haciendo un arco f\u00edsico y 3 LX-318C volados en el centro del escenario.<\/li>\n<li>En el sistema front fill se han colocado tres LX-V12, mientras que en el sistema outfill se han puesto 12 <a href=\"\/www\/home?page_id=12386\">LX-V8<\/a>, 6 por un lado y 6 por otro.<\/li>\n<li>Para el sistema sidefill se han utilizado 8 LX-V8 (4 por cada lado) y 4 <a href=\"\/www\/home?page_id=12432\">LX-218s<\/a> (2 por lado).<\/li>\n<\/ul>\n<p>El sistema de sonido se ha colocado de esta forma para ofrecer la mejor calidad ac\u00fastica a los asistentes. <strong>Se han utilizado line array auto-amplificados de alto rendimiento con DSP integrado<\/strong>. Estos array pertenecen a la <a href=\"\/www\/home?page_id=12399\">serie LX<\/a>, elaborada especialmente para equipos de directo, salas de conciertos, auditorios, eventos al aire libre y grandes estadios.<\/p>\n<p>El escenario del \u00abRam\u00f3n Collado\u00bb cuenta con dos ventajas principales que lo convierten en un escenario id\u00f3neo para espect\u00e1culos: gracias a su forma arquitect\u00f3nica, el escenario se puede ver bien desde cualquier ubicaci\u00f3n y la forma de cono interior con la que ha sido reformado lo dota de mayores posibilidades t\u00e9cnicas y ac\u00fasticas.<\/p>\n<p>En el espect\u00e1culo Pablo Albor\u00e1n ha interpretado en directo las canciones de su cuarto \u00e1lbum de estudio \u00abPrometo\u00bb, que fue lanzado el 17 de noviembre. Hab\u00edan pasado 3 a\u00f1os desde su \u00faltimo tour, por lo que esta gira ha generado una gran expectaci\u00f3n.<\/p>\n<p><strong>Apoyando nuestro lema \u00abCulture of Sound\u00bb<\/strong>, Lynx Pro Audio se alegra de haber podido acercar la m\u00fasica y la voz del artista a todos sus fans en Montevideo.<\/p>\n<p>Gracias a <a href=\"https:\/\/www.facebook.com\/pg\/Martin-Pereira-155460407882209\/photos\/?ref=page_internal\" target=\"_blank\" rel=\"noopener\">Martin Pereira<\/a> por las fotograf\u00edas y a G\u00e1nzua (especialmente a Claudio Piccerno, Diego Poluboriarinov y Alejo Bussero) por hacer posible este evento.<\/p>\n<\/div>\n<\/div>\n<\/div>\n<div class=\"section\">\n<div class=\"row\">\n<div class=\"column\">\n<p>Productos utilizados<\/p>\n<\/div>\n<\/div>\n<div class=\"row\">\n<div class=\"column\">\n<p>Recinto line array de 3 v\u00edas con muy alta potencia. Auto-amplificado Clase D con PFC (Power Factor Correction).<\/p>\n<p style=\"text-align: justify;\"><a href=\"\/www\/home?page_id=22474\"><strong>M\u00e1s detalles<\/strong><\/a><\/p>\n<\/div>\n<div class=\"column\">\n<p style=\"text-align: justify;\">Recinto line array compacto de 2 vias autoamplificado (Clase D alimentacio\u0301n conmutada) Carga frontal Configuracio\u0301n-V.<\/p>\n<p style=\"text-align: justify;\"><a href=\"\/www\/home?page_id=23583\"><strong>M\u00e1s detalles<\/strong><\/a><\/p>\n<\/div>\n<div class=\"column\">\n<p style=\"text-align: justify;\">Subgrave cardioide de muy alta potencia, auto-amplificado (Clase D alimentacio\u0301n conmutada).<\/p>\n<p style=\"text-align: justify;\"><a href=\"\/www\/home?page_id=22476\"><strong>M\u00e1s detalles<\/strong><\/a><\/p>\n<\/div>\n<div class=\"column\">\n<p style=\"text-align: justify;\">Subgrave autoamplificado de alta potencia (Clase D alimentacio\u0301n conmutada). Dos altavoces LF 18\u201d (bobina 4\u2032\u2032) y grupo magne\u0301tico de neodimio.<\/p>\n<p><a href=\"\/www\/home?page_id=23651\"><strong>M\u00e1s detalles<\/strong><\/a><\/p>\n<\/div>\n<\/div>\n<\/div>\n<div class=\"section\">\n<div class=\"row\">\n<div class=\"column\">\n<p>M\u00e1s instalaciones<\/p>\n<\/div>\n<\/div>\n<div class=\"row\">\n<div class=\"column\">\n<p style=\"text-align: justify;\"><span>El Festival Strandfieber es un gran festival de electro celebrado en Goldenstedt (Alemania) organizado por Multimedia M&amp;E GmbH. Para la edici\u00f3n del verano de 2017, se montaron tres escenarios utilizando los sistemas line array profesionales de Lynx Pro Audio&#8230;<\/span><\/p>\n<p style=\"text-align: justify;\"><strong>Leer m\u00e1s<\/strong><\/p>\n<\/div>\n<div class=\"column\">\n<p style=\"text-align: justify;\"><span>MYA es una discoteca con un concepto elegante situada en El Umbracle, en la Ciudad de las Artes y las Ciencias de Valencia, uno de los rincones emblem\u00e1ticos de la ciudad.\u00a0MYA se define como\u00a0un espacio de dise\u00f1o&#8230;<\/span><\/p>\n<p style=\"text-align: justify;\"><span><strong>Leer m\u00e1s<\/strong><\/span><\/p>\n<\/div>\n<div class=\"column\">\n<p style=\"text-align: justify;\"><span>El pasado 16 de junio el Valencia Basket gan\u00f3 su primera Liga ACB y los sistemas Lynx Pro Audio fueron testigos directos de este gran \u00e9xito deportivo del club. El pabell\u00f3n de la Fuente de San Luis es la sede del Valencia Basket y la sonorizaci\u00f3n&#8230;<\/span><\/p>\n<p style=\"text-align: justify;\"><strong>Leer m\u00e1s<\/strong><\/p>\n<\/div>\n<\/div>\n<\/div>\n","protected":false},"excerpt":{"rendered":"<p>El famoso cantante malague\u00f1o Pablo Albor\u00e1n actu\u00f3 el pasado 17 de abril en Montevideo, Uruguay. El concierto tuvo lugar en el Teatro de Verano \u00abRam\u00f3n Collazo\u00ab, uno de los centros de espect\u00e1culos m\u00e1s importantes de la ciudad, tanto por su ubicaci\u00f3n como por su arquitectura caracter\u00edstica. Montevideo fue una de las paradas del \u00abTour Prometo [&hellip;]<\/p>\n","protected":false},"author":6,"featured_media":17645,"comment_status":"open","ping_status":"open","sticky":false,"template":"","format":"standard","meta":{"_acf_changed":false,"footnotes":""},"categories":[120,131,170],"tags":[212],"class_list":["post-17926","post","type-post","status-publish","format-standard","has-post-thumbnail","hentry","category-instalaciones","category-nuestros-clientes","category-touring-y-conciertos","tag-serie-lx"],"acf":[],"_links":{"self":[{"href":"https:\/\/pre.lynxproaudio.com\/es\/wp-json\/wp\/v2\/posts\/17926","targetHints":{"allow":["GET"]}}],"collection":[{"href":"https:\/\/pre.lynxproaudio.com\/es\/wp-json\/wp\/v2\/posts"}],"about":[{"href":"https:\/\/pre.lynxproaudio.com\/es\/wp-json\/wp\/v2\/types\/post"}],"author":[{"embeddable":true,"href":"https:\/\/pre.lynxproaudio.com\/es\/wp-json\/wp\/v2\/users\/6"}],"replies":[{"embeddable":true,"href":"https:\/\/pre.lynxproaudio.com\/es\/wp-json\/wp\/v2\/comments?post=17926"}],"version-history":[{"count":0,"href":"https:\/\/pre.lynxproaudio.com\/es\/wp-json\/wp\/v2\/posts\/17926\/revisions"}],"wp:featuredmedia":[{"embeddable":true,"href":"https:\/\/pre.lynxproaudio.com\/es\/wp-json\/wp\/v2\/media\/17645"}],"wp:attachment":[{"href":"https:\/\/pre.lynxproaudio.com\/es\/wp-json\/wp\/v2\/media?parent=17926"}],"wp:term":[{"taxonomy":"category","embeddable":true,"href":"https:\/\/pre.lynxproaudio.com\/es\/wp-json\/wp\/v2\/categories?post=17926"},{"taxonomy":"post_tag","embeddable":true,"href":"https:\/\/pre.lynxproaudio.com\/es\/wp-json\/wp\/v2\/tags?post=17926"}],"curies":[{"name":"wp","href":"https:\/\/api.w.org\/{rel}","templated":true}]}}