{"id":17910,"date":"2016-07-25T09:13:59","date_gmt":"2016-07-25T07:13:59","guid":{"rendered":"http:\/\/lynxproaudio.loading.net\/sistemas-lynx-pro-audio-premios-platino-cine-iberoamericano\/"},"modified":"2026-02-24T16:01:01","modified_gmt":"2026-02-24T15:01:01","slug":"sistemas-lynx-pro-audio-premios-platino-cine-iberoamericano","status":"publish","type":"post","link":"https:\/\/pre.lynxproaudio.com\/es\/sistemas-lynx-pro-audio-premios-platino-cine-iberoamericano\/","title":{"rendered":"Sistemas LX-V12 sonorizan los Premios Platino, en el gran d\u00eda del cine iberoamericano."},"content":{"rendered":"<div class=\"section\">\n<div class=\"row\">\n<div class=\"column\">\n<p style=\"text-align: justify;\">Incre\u00edble la gala organizada para la <strong>entrega de los Premios Platino a lo mejor del cine iberoamericano,<\/strong> un acto que se est\u00e1 consolidando trascendiendo fronteras, con una presencia televisiva en los cinco continentes, retransmitiendo la se\u00f1al en directo a 60 pa\u00edses.<\/p>\n<p style=\"text-align: justify;\">La edici\u00f3n de este a\u00f1o tuvo lugar en el Centro de Convenciones de\u00a0Punta del Este\u00a0(Uruguay) donde se congregaron <strong>las m\u00e1s destacadas figuras de la industria cultural iberoamericana.<\/strong> Lynx Pro Audio estuvo presente a trav\u00e9s del equipo t\u00e9cnico de Ganz\u00faa, quienes montaron<a href=\"\/www\/home?page_id=22474\"> un sistema line array LX-V12 como P.A<\/a>. principal del evento.<\/p>\n<p style=\"text-align: justify;\">El espa\u00f1ol Santiago Segura y el mexicano Adal Ramones participaron en el inicio de\u00a0la gala en modo de dialogo para dar paso a un mon\u00f3logo, un scketch y un show musical. Un<strong> sistema line array LX-V12 fue encargado de sonorizar el pabell\u00f3n<\/strong> que cont\u00f3 con gran cantidad de p\u00fablico invitado.<\/p>\n<p style=\"text-align: justify;\">Natalia Oreiro\u00a0sorprendi\u00f3 cantando \u00abGarota de Ipanema\u00bb para abrir el show musical que marc\u00f3 el comienzo de la gala. Paulina Rubio subi\u00f3 despu\u00e9s al escenario, con una actuaci\u00f3n que dio mucho que hablar. El show termin\u00f3 con una hermosa versi\u00f3n del tango \u00abVolver\u00bb cantada por Ruben Rada y\u00a0Diego Torres<\/p>\n<p>Aqu\u00ed el v\u00eddeo completo de la gala:<\/p>\n<\/div>\n<\/div>\n<div class=\"row\">\n<div class=\"column\"><\/div>\n<\/div>\n<\/div>\n<div class=\"section\">\n<div class=\"row\">\n<div class=\"column\">\n<p>Productos utilizados<\/p>\n<\/div>\n<\/div>\n<div class=\"row\">\n<div class=\"column\">\n<p>Recinto line array de 3 v\u00edas con muy alta potencia. Auto-amplificado Clase D con PFC (Power Factor Correction).<\/p>\n<p style=\"text-align: justify;\"><a href=\"\/www\/home?page_id=22474\"><strong>M\u00e1s detalles<\/strong><\/a><\/p>\n<\/div>\n<div class=\"column\"><\/div>\n<div class=\"column\"><\/div>\n<\/div>\n<\/div>\n<div class=\"section\">\n<div class=\"row\">\n<div class=\"column\">\n<p>M\u00e1s instalaciones<\/p>\n<\/div>\n<\/div>\n<div class=\"row\">\n<div class=\"column\">\n<p style=\"text-align: justify;\"><span>El pasado 24 de noviembre se estren\u00f3 &#8216;Gutenberg&#8217; en el Antel Arena de Montevideo (Uruguay), un show de 360 grados y el m\u00e1s ambicioso de la temporada, que celebra los 100 a\u00f1os del peri\u00f3dico \u00abEl Pa\u00eds\u00bb.\u00a0Gutenberg es un show que hace un viaje&#8230;<\/span><\/p>\n<p style=\"text-align: justify;\"><span><strong>Leer m\u00e1s<\/strong><\/span><\/p>\n<\/div>\n<div class=\"column\">\n<p style=\"text-align: justify;\"><span>El Museo Mar\u00edtimo Nacional de Se\u00fal es el tercer museo m\u00e1s grande de Corea del Sur. El museo fue inaugurado el 9 de julio (2012) y est\u00e1 ubicado en Dongsam-dong, Yeongdo-gu, Busan. El museo exhibe m\u00e1s de 12.000 reliquias mar\u00edtimas&#8230;<\/span><\/p>\n<p style=\"text-align: justify;\"><span><strong>Leer m\u00e1s<\/strong><\/span><\/p>\n<\/div>\n<div class=\"column\">\n<p style=\"text-align: justify;\"><span>El s\u00e1bado 3 de noviembre tuvo lugar el Road Fighting Championship (Road FC), un campeonato surcoreano basado en artes marciales mixtas (MMA).\u00a0Este a\u00f1o el evento se ha celebrado en la ciudad surcoreana de Daejun, concretamente&#8230;<\/span><\/p>\n<p style=\"text-align: justify;\"><span><strong>Leer m\u00e1s<\/strong><\/span><\/p>\n<\/div>\n<\/div>\n<\/div>\n","protected":false},"excerpt":{"rendered":"<p>Incre\u00edble la gala organizada para la entrega de los Premios Platino a lo mejor del cine iberoamericano, un acto que se est\u00e1 consolidando trascendiendo fronteras, con una presencia televisiva en los cinco continentes, retransmitiendo la se\u00f1al en directo a 60 pa\u00edses. La edici\u00f3n de este a\u00f1o tuvo lugar en el Centro de Convenciones de\u00a0Punta del [&hellip;]<\/p>\n","protected":false},"author":6,"featured_media":17606,"comment_status":"open","ping_status":"open","sticky":false,"template":"","format":"standard","meta":{"_acf_changed":false,"footnotes":""},"categories":[210,120],"tags":[212],"class_list":["post-17910","post","type-post","status-publish","format-standard","has-post-thumbnail","hentry","category-eventos-corporativos","category-instalaciones","tag-serie-lx"],"acf":[],"_links":{"self":[{"href":"https:\/\/pre.lynxproaudio.com\/es\/wp-json\/wp\/v2\/posts\/17910","targetHints":{"allow":["GET"]}}],"collection":[{"href":"https:\/\/pre.lynxproaudio.com\/es\/wp-json\/wp\/v2\/posts"}],"about":[{"href":"https:\/\/pre.lynxproaudio.com\/es\/wp-json\/wp\/v2\/types\/post"}],"author":[{"embeddable":true,"href":"https:\/\/pre.lynxproaudio.com\/es\/wp-json\/wp\/v2\/users\/6"}],"replies":[{"embeddable":true,"href":"https:\/\/pre.lynxproaudio.com\/es\/wp-json\/wp\/v2\/comments?post=17910"}],"version-history":[{"count":0,"href":"https:\/\/pre.lynxproaudio.com\/es\/wp-json\/wp\/v2\/posts\/17910\/revisions"}],"wp:featuredmedia":[{"embeddable":true,"href":"https:\/\/pre.lynxproaudio.com\/es\/wp-json\/wp\/v2\/media\/17606"}],"wp:attachment":[{"href":"https:\/\/pre.lynxproaudio.com\/es\/wp-json\/wp\/v2\/media?parent=17910"}],"wp:term":[{"taxonomy":"category","embeddable":true,"href":"https:\/\/pre.lynxproaudio.com\/es\/wp-json\/wp\/v2\/categories?post=17910"},{"taxonomy":"post_tag","embeddable":true,"href":"https:\/\/pre.lynxproaudio.com\/es\/wp-json\/wp\/v2\/tags?post=17910"}],"curies":[{"name":"wp","href":"https:\/\/api.w.org\/{rel}","templated":true}]}}